{"id":8135,"date":"2022-03-16T15:02:58","date_gmt":"2022-03-16T18:02:58","guid":{"rendered":"https:\/\/jornalcorporativo.com.br\/?p=8135"},"modified":"2022-03-16T15:03:03","modified_gmt":"2022-03-16T18:03:03","slug":"parceira-propoe-brasil-x-colombia-nos-eua-mas-cbf-recusa-para-enfrentar-adversarios-fora-da-conmebol","status":"publish","type":"post","link":"https:\/\/jornalcorporativo.com.br\/en\/esportes\/parceira-propoe-brasil-x-colombia-nos-eua-mas-cbf-recusa-para-enfrentar-adversarios-fora-da-conmebol\/","title":{"rendered":"Parceira prop\u00f5e Brasil x Col\u00f4mbia nos EUA, mas CBF recusa para enfrentar advers\u00e1rios fora da Conmebol"},"content":{"rendered":"<p class=\"wp-block-paragraph\">A sele\u00e7\u00e3o brasileira masculina de futebol declinou de convite da parceira comercial para novo amistoso contra a Col\u00f4mbia em setembro, na data Fifa imediatamente antes da Copa. No per\u00edodo, a Sele\u00e7\u00e3o vai realizar dois jogos amistosos, provavelmente os \u00faltimos at\u00e9 a estreia no Mundial.<\/p>\n\n\n\n<p class=\"wp-block-paragraph\">A informa\u00e7\u00e3o sobre outro jogo de Brasil x Col\u00f4mbia nos EUA, tr\u00eas anos depois do \u00faltimo encontro amistoso em Miami &#8211; empate por 2 a 2, foi publicada na imprensa colombiana. Os rivais sul-americanos se enfrentaram outras tr\u00eas vezes desde o amistoso de 2019.<\/p>\n\n\n\n<p class=\"wp-block-paragraph\">Na Copa Am\u00e9rica de 2021 no Brasil, com vit\u00f3ria brasileira de virada (2 a 1), outro empate, na Col\u00f4mbia, e nova vit\u00f3ria do Brasil por 1 a 0, as duas \u00faltimas partidas pelas Eliminat\u00f3rias.<\/p>\n\n\n\n<p class=\"wp-block-paragraph\">A Pitch, que det\u00e9m os direitos de organiza\u00e7\u00e3o de partidas amistosas do Brasil, sugeriu a Col\u00f4mbia nos EUA pela grande quantidade de imigrantes colombianos &#8211; e brasileiros &#8211; naquele pa\u00eds, com possibilidade de bom p\u00fablico e demanda pela partida. Mas o entendimento da coordena\u00e7\u00e3o da Sele\u00e7\u00e3o e da comiss\u00e3o de Tite \u00e9 para realizar jogos com advers\u00e1rios fora da Conmebol.<\/p>\n\n\n\n<p class=\"wp-block-paragraph\">Ainda n\u00e3o h\u00e1 advers\u00e1rios definidos, mas a CBF busca rivais de outros continentes.<\/p>\n\n\n\n<p class=\"wp-block-paragraph\">A CBF tenta autoriza\u00e7\u00e3o da Fifa para realizar fora da Am\u00e9rica do Sul a partida entre Brasil x Argentina, que \u00e9 v\u00e1lida pela sexta rodada das Eliminat\u00f3rias e acabou suspensa ap\u00f3s interven\u00e7\u00e3o de agentes da Anvisa e da Pol\u00edcia Federal, em setembro do ano passado. A ideia que \u00e9 que o duelo seja disputado na Austr\u00e1lia ou em algum pa\u00eds da \u00c1sia.<\/p>\n\n\n\n<p class=\"wp-block-paragraph\">O Brasil j\u00e1 teria que enfrentar a Argentina no meio do ano, por obriga\u00e7\u00e3o contratual com a Pitch, empresa que det\u00e9m os direitos de explora\u00e7\u00e3o comercial dos amistosos das duas sele\u00e7\u00f5es. Depois da decis\u00e3o da Fifa obrigando que o jogo das Eliminat\u00f3rias seja disputado, a CBF passou a trabalhar para juntar os dois compromissos.<\/p>\n\n\n\n<p class=\"wp-block-paragraph\">Na data Fifa do meio do ano, que come\u00e7a em 30 de maio e vai at\u00e9 14 de junho, o Brasil deve disputar tr\u00eas confrontos. Al\u00e9m desse duelo contra a Argentina, a Sele\u00e7\u00e3o pretende encarar duas equipes asi\u00e1ticas<\/p>","protected":false},"excerpt":{"rendered":"<p>Em 2019, depois da Copa Am\u00e9rica, brasileiros e colombianos empataram por 2 a 2 em jogo realizado em Miami<\/p>","protected":false},"author":3,"featured_media":8136,"comment_status":"open","ping_status":"open","sticky":false,"template":"","format":"standard","meta":{"_crdt_document":"","footnotes":""},"categories":[6],"tags":[],"class_list":["post-8135","post","type-post","status-publish","format-standard","has-post-thumbnail","hentry","category-esportes"],"brizy_media":[],"_links":{"self":[{"href":"https:\/\/jornalcorporativo.com.br\/en\/wp-json\/wp\/v2\/posts\/8135","targetHints":{"allow":["GET"]}}],"collection":[{"href":"https:\/\/jornalcorporativo.com.br\/en\/wp-json\/wp\/v2\/posts"}],"about":[{"href":"https:\/\/jornalcorporativo.com.br\/en\/wp-json\/wp\/v2\/types\/post"}],"author":[{"embeddable":true,"href":"https:\/\/jornalcorporativo.com.br\/en\/wp-json\/wp\/v2\/users\/3"}],"replies":[{"embeddable":true,"href":"https:\/\/jornalcorporativo.com.br\/en\/wp-json\/wp\/v2\/comments?post=8135"}],"version-history":[{"count":0,"href":"https:\/\/jornalcorporativo.com.br\/en\/wp-json\/wp\/v2\/posts\/8135\/revisions"}],"wp:featuredmedia":[{"embeddable":true,"href":"https:\/\/jornalcorporativo.com.br\/en\/wp-json\/wp\/v2\/media\/8136"}],"wp:attachment":[{"href":"https:\/\/jornalcorporativo.com.br\/en\/wp-json\/wp\/v2\/media?parent=8135"}],"wp:term":[{"taxonomy":"category","embeddable":true,"href":"https:\/\/jornalcorporativo.com.br\/en\/wp-json\/wp\/v2\/categories?post=8135"},{"taxonomy":"post_tag","embeddable":true,"href":"https:\/\/jornalcorporativo.com.br\/en\/wp-json\/wp\/v2\/tags?post=8135"}],"curies":[{"name":"wp","href":"https:\/\/api.w.org\/{rel}","templated":true}]}}