{"id":8139,"date":"2022-03-16T15:05:11","date_gmt":"2022-03-16T18:05:11","guid":{"rendered":"https:\/\/jornalcorporativo.com.br\/?p=8139"},"modified":"2022-03-16T15:05:15","modified_gmt":"2022-03-16T18:05:15","slug":"sintomas-de-rosacea-voce-sabe-quais-sao-e-o-que-pode-piora-los","status":"publish","type":"post","link":"https:\/\/jornalcorporativo.com.br\/en\/saude-natural\/sintomas-de-rosacea-voce-sabe-quais-sao-e-o-que-pode-piora-los\/","title":{"rendered":"Sintomas de ros\u00e1cea: voc\u00ea sabe quais s\u00e3o e o que pode pior\u00e1-los?"},"content":{"rendered":"<p class=\"wp-block-paragraph\">A ros\u00e1cea \u00e9 uma condi\u00e7\u00e3o comum, mas incompreendida \u2014 estima-se que afete milh\u00f5es de pessoas em todo o mundo.<\/p>\n\n\n\n<p class=\"wp-block-paragraph\">\u00c9 incur\u00e1vel, e aqueles que t\u00eam ros\u00e1cea muitas vezes precisam se submeter a um regime de tratamento prolongado, restri\u00e7\u00f5es em rela\u00e7\u00e3o ao que comem, bebem e fazem \u2014 e, em alguns casos, julgamentos ou piadas de outras pessoas.<\/p>\n\n\n\n<p class=\"wp-block-paragraph\">A condi\u00e7\u00e3o da pele, caracterizada por uma vermelhid\u00e3o da face causada por vasos sangu\u00edneos dilatados com pequenas protuber\u00e2ncias e manchas, semelhante \u00e0 acne, \u00e9 comum.<br>De acordo com a Sociedade Brasileira de Dermatologia, a ros\u00e1cea afeta de 1,5% a 10% das popula\u00e7\u00f5es estudadas \u2014 sobretudo adultos entre 30 e 50 anos de idade.<\/p>\n\n\n\n<p class=\"wp-block-paragraph\">No Reino Unido, alguns relat\u00f3rios sugerem que uma em cada 10 pessoas possuem a condi\u00e7\u00e3o.<\/p>\n\n\n\n<p class=\"wp-block-paragraph\">Sintomas<br>De acordo com o NHS, sistema de sa\u00fade p\u00fablico do Reino Unido, a ros\u00e1cea \u00e9 mais comum em mulheres e pessoas com pele mais clara, mas os sintomas podem ser piores nos homens.<\/p>\n\n\n\n<p class=\"wp-block-paragraph\">Os primeiros sinais da condi\u00e7\u00e3o incluem:<br>Vermelhid\u00e3o (rubor) que vem e vai no nariz, bochechas, testa e queixo;<br>Sensa\u00e7\u00e3o de queima\u00e7\u00e3o ou ard\u00eancia ao usar \u00e1gua ou produtos para a pele.<br>\u00c0 medida que a ros\u00e1cea piora, segundo o NHS, as bochechas, nariz e testa dos pacientes ficam vermelhos o tempo todo. E pequenos vasos sangu\u00edneos podem aparecer na pele.<\/p>\n\n\n\n<p class=\"wp-block-paragraph\">Pequenas protuber\u00e2ncias rosas ou vermelhas tamb\u00e9m podem surgir \u2014 \u00e0s vezes, com um l\u00edquido amarelado dentro.<\/p>\n\n\n\n<p class=\"wp-block-paragraph\">Gatilhos<br>N\u00e3o se sabe o que causa a ros\u00e1cea, mas alguns gatilhos podem piorar os sintomas. Entre os mais comuns, est\u00e3o:<br>\u00c1lcool;<br>Alimentos picantes;<br>Queijo;<br>Cafe\u00edna;<br>Bebidas quentes;<br>Exerc\u00edcios aer\u00f3bicos, como corrida.<\/p>\n\n\n\n<p class=\"wp-block-paragraph\">Caso real<br>Lex Gillies, de York, na Inglaterra, era uma estudante de 21 anos quando foi diagnosticada com ros\u00e1cea.<\/p>\n\n\n\n<p class=\"wp-block-paragraph\">&#8220;N\u00e3o queria fazer nada que fizesse as pessoas se virarem e olharem para mim porque n\u00e3o queria que as pessoas notassem minha pele&#8221;, diz ela.<br>Lex, uma blogueira e embaixadora da British Skin Foundation, passou oito anos documentando seu relacionamento com a ros\u00e1cea e diz que aprendeu a entender e aceitar sua pele como ela \u00e9, em vez de trat\u00e1-la &#8220;como minha inimiga&#8221;.<\/p>\n\n\n\n<p class=\"wp-block-paragraph\">Lex escreveu extensivamente sobre o impacto que a ros\u00e1cea pode ter na sa\u00fade mental das pessoas, dizendo que &#8220;ainda n\u00e3o \u00e9 algo que \u00e9 levado a s\u00e9rio&#8221;.<\/p>","protected":false},"excerpt":{"rendered":"<p>De acordo com a Sociedade Brasileira de Dermatologia, a ros\u00e1cea afeta de 1,5% a 10% das popula\u00e7\u00f5es estudadas<\/p>","protected":false},"author":3,"featured_media":8140,"comment_status":"open","ping_status":"open","sticky":false,"template":"","format":"standard","meta":{"_crdt_document":"","footnotes":""},"categories":[8],"tags":[],"class_list":["post-8139","post","type-post","status-publish","format-standard","has-post-thumbnail","hentry","category-saude-natural"],"brizy_media":[],"_links":{"self":[{"href":"https:\/\/jornalcorporativo.com.br\/en\/wp-json\/wp\/v2\/posts\/8139","targetHints":{"allow":["GET"]}}],"collection":[{"href":"https:\/\/jornalcorporativo.com.br\/en\/wp-json\/wp\/v2\/posts"}],"about":[{"href":"https:\/\/jornalcorporativo.com.br\/en\/wp-json\/wp\/v2\/types\/post"}],"author":[{"embeddable":true,"href":"https:\/\/jornalcorporativo.com.br\/en\/wp-json\/wp\/v2\/users\/3"}],"replies":[{"embeddable":true,"href":"https:\/\/jornalcorporativo.com.br\/en\/wp-json\/wp\/v2\/comments?post=8139"}],"version-history":[{"count":0,"href":"https:\/\/jornalcorporativo.com.br\/en\/wp-json\/wp\/v2\/posts\/8139\/revisions"}],"wp:featuredmedia":[{"embeddable":true,"href":"https:\/\/jornalcorporativo.com.br\/en\/wp-json\/wp\/v2\/media\/8140"}],"wp:attachment":[{"href":"https:\/\/jornalcorporativo.com.br\/en\/wp-json\/wp\/v2\/media?parent=8139"}],"wp:term":[{"taxonomy":"category","embeddable":true,"href":"https:\/\/jornalcorporativo.com.br\/en\/wp-json\/wp\/v2\/categories?post=8139"},{"taxonomy":"post_tag","embeddable":true,"href":"https:\/\/jornalcorporativo.com.br\/en\/wp-json\/wp\/v2\/tags?post=8139"}],"curies":[{"name":"wp","href":"https:\/\/api.w.org\/{rel}","templated":true}]}}