{"id":8143,"date":"2022-03-16T15:39:58","date_gmt":"2022-03-16T18:39:58","guid":{"rendered":"https:\/\/jornalcorporativo.com.br\/?p=8143"},"modified":"2022-03-16T15:40:04","modified_gmt":"2022-03-16T18:40:04","slug":"eua-anunciam-novas-sancoes-contra-presidente-de-belarus","status":"publish","type":"post","link":"https:\/\/jornalcorporativo.com.br\/en\/internacional\/eua-anunciam-novas-sancoes-contra-presidente-de-belarus\/","title":{"rendered":"EUA anunciam novas san\u00e7\u00f5es contra presidente de Belarus"},"content":{"rendered":"<p class=\"wp-block-paragraph\">Os Estados Unidos anunciaram nesta ter\u00e7a-feira (15) novas san\u00e7\u00f5es econ\u00f4micas contra o presidente de Belarus, Alexander Lukashenko, e sua esposa, assim como cidad\u00e3os da R\u00fassia e uma entidade do pa\u00eds, por corrup\u00e7\u00e3o e viola\u00e7\u00f5es de direitos humanos, disse o Tesouro americano em comunicado.<\/p>\n\n\n\n<p class=\"wp-block-paragraph\">Essas san\u00e7\u00f5es miram em Lukashenko, aliado do presidente russo Vladimir Putin, e &#8220;chefe de um governo corrupto em Belarus, cuja rede de patroc\u00ednio beneficia sua comitiva e seu regime&#8221;, bem como sua esposa, afirmou o Tesouro.<\/p>\n\n\n\n<p class=\"wp-block-paragraph\">As medidas fazem parte de um conjunto de san\u00e7\u00f5es internacionais contra a R\u00fassia e Belarus, isso \u00e9 devido a algumas das tropas russas terem invadido a Ucr\u00e2nia pelo pa\u00eds.<\/p>\n\n\n\n<p class=\"wp-block-paragraph\">&#8220;As decis\u00f5es de hoje demonstram que os Estados Unidos continuar\u00e3o a impor consequ\u00eancias concretas e significativas \u00e0queles que cometem atos de corrup\u00e7\u00e3o ou est\u00e3o ligados a graves abusos dos direitos humanos&#8221;, disse a diretora do Escrit\u00f3rio de Controle de Ativos Estrangeiros do Tesouro (OFAC), Andrea Gacki, citada no comunicado.<br>&#8220;Condenamos os ataques da R\u00fassia aos corredores humanit\u00e1rios na Ucr\u00e2nia e pedimos \u00e0 R\u00fassia que encerre sua guerra brutal e n\u00e3o provocada contra a Ucr\u00e2nia&#8221;, completou.<\/p>\n\n\n\n<p class=\"wp-block-paragraph\">As san\u00e7\u00f5es do Tesouro congelam todos os ativos que os envolvidos possam ter nos Estados Unidos e pro\u00edbem qualquer transa\u00e7\u00e3o atrav\u00e9s do sistema financeiro dos EUA.<br>O Departamento de Estado dos EUA na ter\u00e7a-feira tamb\u00e9m anunciou medidas contra 11 funcion\u00e1rios do Minist\u00e9rio da Defesa russo em resposta \u00e0 invas\u00e3o da Ucr\u00e2nia.<\/p>\n\n\n\n<p class=\"wp-block-paragraph\">Putin exige que a Ucr\u00e2nia adote neutralidade<br>Ucranianos e russos sinalizaram nesta quarta-feira (16) que avan\u00e7aram nas negocia\u00e7\u00f5es e que, caso a Ucr\u00e2nia aceite ser neutra, ser\u00e1 poss\u00edvel chegar a um acordo para interromper as agress\u00f5es da R\u00fassia.<\/p>","protected":false},"excerpt":{"rendered":"<p>Essas san\u00e7\u00f5es miram em Alexander Lukashenko, aliado do presidente russo Vladimir Putin<\/p>","protected":false},"author":3,"featured_media":8144,"comment_status":"open","ping_status":"open","sticky":false,"template":"","format":"standard","meta":{"_crdt_document":"","footnotes":""},"categories":[2],"tags":[],"class_list":["post-8143","post","type-post","status-publish","format-standard","has-post-thumbnail","hentry","category-internacional"],"brizy_media":[],"_links":{"self":[{"href":"https:\/\/jornalcorporativo.com.br\/en\/wp-json\/wp\/v2\/posts\/8143","targetHints":{"allow":["GET"]}}],"collection":[{"href":"https:\/\/jornalcorporativo.com.br\/en\/wp-json\/wp\/v2\/posts"}],"about":[{"href":"https:\/\/jornalcorporativo.com.br\/en\/wp-json\/wp\/v2\/types\/post"}],"author":[{"embeddable":true,"href":"https:\/\/jornalcorporativo.com.br\/en\/wp-json\/wp\/v2\/users\/3"}],"replies":[{"embeddable":true,"href":"https:\/\/jornalcorporativo.com.br\/en\/wp-json\/wp\/v2\/comments?post=8143"}],"version-history":[{"count":0,"href":"https:\/\/jornalcorporativo.com.br\/en\/wp-json\/wp\/v2\/posts\/8143\/revisions"}],"wp:featuredmedia":[{"embeddable":true,"href":"https:\/\/jornalcorporativo.com.br\/en\/wp-json\/wp\/v2\/media\/8144"}],"wp:attachment":[{"href":"https:\/\/jornalcorporativo.com.br\/en\/wp-json\/wp\/v2\/media?parent=8143"}],"wp:term":[{"taxonomy":"category","embeddable":true,"href":"https:\/\/jornalcorporativo.com.br\/en\/wp-json\/wp\/v2\/categories?post=8143"},{"taxonomy":"post_tag","embeddable":true,"href":"https:\/\/jornalcorporativo.com.br\/en\/wp-json\/wp\/v2\/tags?post=8143"}],"curies":[{"name":"wp","href":"https:\/\/api.w.org\/{rel}","templated":true}]}}