{"id":8148,"date":"2022-03-16T17:40:10","date_gmt":"2022-03-16T20:40:10","guid":{"rendered":"https:\/\/jornalcorporativo.com.br\/?p=8148"},"modified":"2022-03-16T17:40:14","modified_gmt":"2022-03-16T20:40:14","slug":"bolsonaro-diz-que-petrobras-nao-colabora-com-nada-e-que-poderia-ser-privatizada-hoje","status":"publish","type":"post","link":"https:\/\/jornalcorporativo.com.br\/en\/politica\/bolsonaro-diz-que-petrobras-nao-colabora-com-nada-e-que-poderia-ser-privatizada-hoje\/","title":{"rendered":"Bolsonaro diz que Petrobras &#8216;n\u00e3o colabora com nada&#8217; e que poderia &#8216;ser privatizada hoje&#8217;"},"content":{"rendered":"\n<p class=\"wp-block-paragraph\">O presidente Jair Bolsonaro afirmou em entrevista exibida nesta quarta-feira (16) que a Petrobras &#8220;n\u00e3o colabora com nada&#8221; e que, por ele, a empresa estatal &#8220;poderia ser privatizada hoje&#8221;.<\/p>\n\n\n\n<p class=\"wp-block-paragraph\">Bolsonaro tem feito cr\u00edticas \u00e0 Petrobras em meio aos reajustes nos pre\u00e7os dos combust\u00edveis. No \u00faltimo dia 11, por exemplo, a empresa aumentou novamente o pre\u00e7o da gasolina e do diesel para as distribuidoras e, em algumas regi\u00f5es do Brasil, os postos est\u00e3o cobrando R$ 8 pelo litro de gasolina.<\/p>\n\n\n\n<p class=\"wp-block-paragraph\">&#8220;Qualquer nova alta a gente vai, da nossa parte aqui, desencadear um processo para que esse reajuste n\u00e3o chegue na ponta da linha para o consumidor. \u00c9 impag\u00e1vel o pre\u00e7o dos combust\u00edveis no Brasil. E lamentavelmente a Petrobras n\u00e3o colabora com nada&#8221;, declarou Bolsonaro nesta quarta.<\/p>\n\n\n\n<p class=\"wp-block-paragraph\">&#8220;Muita gente me critica, como se eu tivesse poderes sobre a Petrobras, n\u00e3o tenho poderes sobre a Petrobras. Para mim, \u00e9 uma empresa que poderia ser privatizada hoje, ficaria livre deste problema. E a Petrobras se transformou na Petrobras Futebol Clube, onde o clubinho l\u00e1 de dentro s\u00f3 pensa neles, jamais pensam no Brasil&#8221;, acrescentou o presidente em entrevista ao SBT.<br>Na mesma entrevista, Bolsonaro disse que existe a possibilidade de trocar o presidente da Petrobras.<\/p>\n\n\n\n<p class=\"wp-block-paragraph\">&#8220;Existe essa possibilidade [trocar o presidente da Petrobras]. Todo mundo no governo, ministros, secret\u00e1rios, diretores de empresas, presidentes de estatais podem ser substitu\u00eddos se n\u00e3o estiverem fazendo o trabalho a contento. Ent\u00e3o, eu n\u00e3o quer dizer que vai ser trocado ou que n\u00e3o vai ser trocado. Eu s\u00f3 n\u00e3o posso trocar o vice-presidente da Rep\u00fablica. O resto, todos podem ser trocados, obviamente, por motivos de produtividade, por motivo de falha ou omiss\u00e3o no respectivo servi\u00e7o&#8221;, declarou.<\/p>\n","protected":false},"excerpt":{"rendered":"<p>No \u00faltimo dia 11, por exemplo, a empresa aumentou novamente o pre\u00e7o da gasolina e do diesel para as distribuidoras<\/p>","protected":false},"author":3,"featured_media":8149,"comment_status":"open","ping_status":"open","sticky":false,"template":"","format":"standard","meta":{"_crdt_document":"","footnotes":""},"categories":[7],"tags":[],"class_list":["post-8148","post","type-post","status-publish","format-standard","has-post-thumbnail","hentry","category-politica"],"brizy_media":[],"_links":{"self":[{"href":"https:\/\/jornalcorporativo.com.br\/en\/wp-json\/wp\/v2\/posts\/8148","targetHints":{"allow":["GET"]}}],"collection":[{"href":"https:\/\/jornalcorporativo.com.br\/en\/wp-json\/wp\/v2\/posts"}],"about":[{"href":"https:\/\/jornalcorporativo.com.br\/en\/wp-json\/wp\/v2\/types\/post"}],"author":[{"embeddable":true,"href":"https:\/\/jornalcorporativo.com.br\/en\/wp-json\/wp\/v2\/users\/3"}],"replies":[{"embeddable":true,"href":"https:\/\/jornalcorporativo.com.br\/en\/wp-json\/wp\/v2\/comments?post=8148"}],"version-history":[{"count":0,"href":"https:\/\/jornalcorporativo.com.br\/en\/wp-json\/wp\/v2\/posts\/8148\/revisions"}],"wp:featuredmedia":[{"embeddable":true,"href":"https:\/\/jornalcorporativo.com.br\/en\/wp-json\/wp\/v2\/media\/8149"}],"wp:attachment":[{"href":"https:\/\/jornalcorporativo.com.br\/en\/wp-json\/wp\/v2\/media?parent=8148"}],"wp:term":[{"taxonomy":"category","embeddable":true,"href":"https:\/\/jornalcorporativo.com.br\/en\/wp-json\/wp\/v2\/categories?post=8148"},{"taxonomy":"post_tag","embeddable":true,"href":"https:\/\/jornalcorporativo.com.br\/en\/wp-json\/wp\/v2\/tags?post=8148"}],"curies":[{"name":"wp","href":"https:\/\/api.w.org\/{rel}","templated":true}]}}