{"id":8156,"date":"2022-03-16T17:43:08","date_gmt":"2022-03-16T20:43:08","guid":{"rendered":"https:\/\/jornalcorporativo.com.br\/?p=8156"},"modified":"2022-03-16T17:43:13","modified_gmt":"2022-03-16T20:43:13","slug":"mourao-diz-ver-espaco-para-preco-do-litro-da-gasolina-voltar-a-r-6-mas-nao-a-r-4","status":"publish","type":"post","link":"https:\/\/jornalcorporativo.com.br\/en\/economia\/mourao-diz-ver-espaco-para-preco-do-litro-da-gasolina-voltar-a-r-6-mas-nao-a-r-4\/","title":{"rendered":"Mour\u00e3o diz ver espa\u00e7o para pre\u00e7o do litro da gasolina voltar a R$ 6, mas n\u00e3o a R$ 4"},"content":{"rendered":"<p class=\"wp-block-paragraph\">O vice-presidente Hamilton Mour\u00e3o avaliou nesta quarta-feira (16) em entrevista no Pal\u00e1cio do Planalto que o pre\u00e7o dos combust\u00edveis nos postos n\u00e3o voltar\u00e1 ao patamar que as pessoas gostariam, mas que \u00e9 poss\u00edvel o litro da gasolina voltar a R$ 6, n\u00e3o a R$ 4.<\/p>\n\n\n\n<p class=\"wp-block-paragraph\">No \u00faltimo dia 11, a Petrobras reajustou novamente o pre\u00e7o da gasolina e do diesel para as distribuidoras. Em algumas regi\u00f5es do Brasil, os postos est\u00e3o cobrando R$ 8 pelo litro de gasolina.<\/p>\n\n\n\n<p class=\"wp-block-paragraph\">Nesta quarta, Mour\u00e3o foi questionado sobre a expectativa de a Petrobras reduzir o pre\u00e7o diante da queda no valor do barril do petr\u00f3leo no mercado internacional. Com a guerra na Ucr\u00e2nia, o barril se aproximou de US$ 140, por\u00e9m nesta ter\u00e7a-feira (14) foi negociado abaixo de US$ 100.<br>&#8220;O mercado come\u00e7a a se reequilibrar. Bateu nos US$ 139, j\u00e1 est\u00e1 em US$ 99, US$ 98. \u00c9 \u00f3bvio, essa flutua\u00e7\u00e3o, acredito que a Petrobras ela vai encaixar isso a\u00ed e vai haver uma redu\u00e7\u00e3o&#8221;, declarou o vice.<br>&#8220;Uma realidade a gente tem que entender: o pre\u00e7o do combust\u00edvel, fruto at\u00e9 da quest\u00e3o da transi\u00e7\u00e3o energ\u00e9tica que n\u00f3s temos de viver, n\u00e3o vai voltar aos patamares que a gente gostaria. N\u00e3o vamos mais, na minha vis\u00e3o, pagar R$ 4 por litro de gasolina, vai ser dif\u00edcil isso acontecer&#8221;, completou Mour\u00e3o.<\/p>\n\n\n\n<p class=\"wp-block-paragraph\">Questionado, ent\u00e3o, se o pre\u00e7o da gasolina entre R$ 7 e R$ 8 &#8220;veio para ficar&#8221;, Mour\u00e3o declarou ver espa\u00e7o para que os postos cobrem em torno de R$ 6.<\/p>\n\n\n\n<p class=\"wp-block-paragraph\">&#8220;Pode baixar a\u00ed, voltar para meia-d\u00fazia. Mas vamos lembrar a\u00ed que uns dois, tr\u00eas anos atr\u00e1s est\u00e1vamos pagando R$ 4,50, R$ 4,60&#8221;, disse o vice.<\/p>\n\n\n\n<p class=\"wp-block-paragraph\">&#8216;Histeria&#8217;<br>Ainda na entrevista desta quarta, Mour\u00e3o disse ver &#8220;histeria&#8221; em rela\u00e7\u00e3o ao tema, uma vez que os pre\u00e7os no mercado internacional foram impactados pela retomada da economia em meio \u00e0 pandemia e pela invas\u00e3o russa \u00e0 Ucr\u00e2nia.<\/p>","protected":false},"excerpt":{"rendered":"<p>No \u00faltimo dia 11, Petrobras reajustou pre\u00e7o da gasolina, e postos passaram a cobrar R$ 8 por litro<\/p>","protected":false},"author":3,"featured_media":8157,"comment_status":"open","ping_status":"open","sticky":false,"template":"","format":"standard","meta":{"_crdt_document":"","footnotes":""},"categories":[4],"tags":[],"class_list":["post-8156","post","type-post","status-publish","format-standard","has-post-thumbnail","hentry","category-economia"],"brizy_media":[],"_links":{"self":[{"href":"https:\/\/jornalcorporativo.com.br\/en\/wp-json\/wp\/v2\/posts\/8156","targetHints":{"allow":["GET"]}}],"collection":[{"href":"https:\/\/jornalcorporativo.com.br\/en\/wp-json\/wp\/v2\/posts"}],"about":[{"href":"https:\/\/jornalcorporativo.com.br\/en\/wp-json\/wp\/v2\/types\/post"}],"author":[{"embeddable":true,"href":"https:\/\/jornalcorporativo.com.br\/en\/wp-json\/wp\/v2\/users\/3"}],"replies":[{"embeddable":true,"href":"https:\/\/jornalcorporativo.com.br\/en\/wp-json\/wp\/v2\/comments?post=8156"}],"version-history":[{"count":0,"href":"https:\/\/jornalcorporativo.com.br\/en\/wp-json\/wp\/v2\/posts\/8156\/revisions"}],"wp:featuredmedia":[{"embeddable":true,"href":"https:\/\/jornalcorporativo.com.br\/en\/wp-json\/wp\/v2\/media\/8157"}],"wp:attachment":[{"href":"https:\/\/jornalcorporativo.com.br\/en\/wp-json\/wp\/v2\/media?parent=8156"}],"wp:term":[{"taxonomy":"category","embeddable":true,"href":"https:\/\/jornalcorporativo.com.br\/en\/wp-json\/wp\/v2\/categories?post=8156"},{"taxonomy":"post_tag","embeddable":true,"href":"https:\/\/jornalcorporativo.com.br\/en\/wp-json\/wp\/v2\/tags?post=8156"}],"curies":[{"name":"wp","href":"https:\/\/api.w.org\/{rel}","templated":true}]}}