{"id":8236,"date":"2022-03-18T16:15:11","date_gmt":"2022-03-18T19:15:11","guid":{"rendered":"https:\/\/jornalcorporativo.com.br\/?p=8236"},"modified":"2022-03-18T16:15:15","modified_gmt":"2022-03-18T19:15:15","slug":"congresso-derruba-vetos-de-bolsonaro-a-lei-que-preve-ajuda-ao-setor-de-eventos","status":"publish","type":"post","link":"https:\/\/jornalcorporativo.com.br\/en\/politica\/congresso-derruba-vetos-de-bolsonaro-a-lei-que-preve-ajuda-ao-setor-de-eventos\/","title":{"rendered":"Congresso derruba vetos de Bolsonaro \u00e0 lei que prev\u00ea ajuda ao setor de eventos"},"content":{"rendered":"<p class=\"wp-block-paragraph\">O Congresso Nacional derrubou nesta quinta-feira (17) os vetos do presidente Jair Bolsonaro \u00e0 lei que prev\u00ea ajuda ao setor de eventos durante a pandemia. Texto segue para promulga\u00e7\u00e3o.<\/p>\n\n\n\n<p class=\"wp-block-paragraph\">A mat\u00e9ria foi sancionada em maio de 2021 e criou o Programa Emergencial de Retomada do Setor de Eventos (Perse) e o Programa de Garantia aos Setores Cr\u00edticos (PGSC).<\/p>\n\n\n\n<p class=\"wp-block-paragraph\">Os vetos presidenciais, no entanto, s\u00e3o analisados por deputados e senadores, que podem decidir mant\u00ea-los ou derrub\u00e1-los.<br>Logo no in\u00edcio da sess\u00e3o, o l\u00edder do governo no Congresso, o senador Eduardo Gomes (MDB-TO), defendeu a derrubada dos vetos ao Perse.<\/p>\n\n\n\n<p class=\"wp-block-paragraph\">\u201cO veto do Perse j\u00e1 em acordo com o governo na delibera\u00e7\u00e3o de orienta\u00e7\u00e3o pela derrubada, tendo em vista a not\u00f3ria dificuldade de profissionais desse setor de todo o pa\u00eds durante a pandemia, um setor que merece especial aten\u00e7\u00e3o na sua retomada\u201d, afirmou Gomes.<\/p>\n\n\n\n<p class=\"wp-block-paragraph\">O deputado Felipe Carreras (PSB-PE), um dos autores da mat\u00e9ria, disse que o setor foi um dos mais injusti\u00e7ados e prejudicados na pandemia e tamb\u00e9m defendeu a derrubada dos trechos.<\/p>\n\n\n\n<p class=\"wp-block-paragraph\">\u201cA gente chega na tarde de hoje a uma vota\u00e7\u00e3o que pode corrigir e pode dar um sopro e esperan\u00e7a a um projeto que essa casa aprovou. Essa casa soube ouvir a indigna\u00e7\u00e3o de todos que fazem parte do setor. O projeto vai dar um sopro de esperan\u00e7a ao setor de eventos\u201d, disse Carreras.<\/p>\n\n\n\n<p class=\"wp-block-paragraph\">Com a derrubada dos trechos vetados, os dispositivos voltam a ter validade. A isen\u00e7\u00e3o tribut\u00e1ria a empresas do setor por 60 meses, por exemplo, come\u00e7a a contar a partir da promulga\u00e7\u00e3o.<\/p>","protected":false},"excerpt":{"rendered":"<p>Derrubada do veto garante isen\u00e7\u00e3o tribut\u00e1ria a empresas do setor por 60 meses. Mat\u00e9ria foi sancionada em maio de 2021<\/p>","protected":false},"author":3,"featured_media":8237,"comment_status":"open","ping_status":"open","sticky":false,"template":"","format":"standard","meta":{"_crdt_document":"","footnotes":""},"categories":[7],"tags":[],"class_list":["post-8236","post","type-post","status-publish","format-standard","has-post-thumbnail","hentry","category-politica"],"brizy_media":[],"_links":{"self":[{"href":"https:\/\/jornalcorporativo.com.br\/en\/wp-json\/wp\/v2\/posts\/8236","targetHints":{"allow":["GET"]}}],"collection":[{"href":"https:\/\/jornalcorporativo.com.br\/en\/wp-json\/wp\/v2\/posts"}],"about":[{"href":"https:\/\/jornalcorporativo.com.br\/en\/wp-json\/wp\/v2\/types\/post"}],"author":[{"embeddable":true,"href":"https:\/\/jornalcorporativo.com.br\/en\/wp-json\/wp\/v2\/users\/3"}],"replies":[{"embeddable":true,"href":"https:\/\/jornalcorporativo.com.br\/en\/wp-json\/wp\/v2\/comments?post=8236"}],"version-history":[{"count":0,"href":"https:\/\/jornalcorporativo.com.br\/en\/wp-json\/wp\/v2\/posts\/8236\/revisions"}],"wp:featuredmedia":[{"embeddable":true,"href":"https:\/\/jornalcorporativo.com.br\/en\/wp-json\/wp\/v2\/media\/8237"}],"wp:attachment":[{"href":"https:\/\/jornalcorporativo.com.br\/en\/wp-json\/wp\/v2\/media?parent=8236"}],"wp:term":[{"taxonomy":"category","embeddable":true,"href":"https:\/\/jornalcorporativo.com.br\/en\/wp-json\/wp\/v2\/categories?post=8236"},{"taxonomy":"post_tag","embeddable":true,"href":"https:\/\/jornalcorporativo.com.br\/en\/wp-json\/wp\/v2\/tags?post=8236"}],"curies":[{"name":"wp","href":"https:\/\/api.w.org\/{rel}","templated":true}]}}