{"id":8240,"date":"2022-03-18T16:16:08","date_gmt":"2022-03-18T19:16:08","guid":{"rendered":"https:\/\/jornalcorporativo.com.br\/?p=8240"},"modified":"2022-03-18T16:16:12","modified_gmt":"2022-03-18T19:16:12","slug":"microcredito-caixa-vai-emprestar-ate-r-1-mil-para-pessoas-fisicas-e-r-3-mil-para-meis","status":"publish","type":"post","link":"https:\/\/jornalcorporativo.com.br\/en\/brasil\/microcredito-caixa-vai-emprestar-ate-r-1-mil-para-pessoas-fisicas-e-r-3-mil-para-meis\/","title":{"rendered":"Microcr\u00e9dito: Caixa vai emprestar at\u00e9 R$ 1 mil para pessoas f\u00edsicas e R$ 3 mil para MEIs"},"content":{"rendered":"<p class=\"wp-block-paragraph\">O governo anunciou nesta quinta-feira (17) novas linhas de microcr\u00e9dito para pessoas f\u00edsicas e microempreendedores individuais (MEIs). A Medida Provis\u00f3ria (MP) foi publicada na edi\u00e7\u00e3o desta sexta (18) do &#8220;Di\u00e1rio Oficial da Uni\u00e3o (DOU).<\/p>\n\n\n\n<p class=\"wp-block-paragraph\">O Programa de Simplifica\u00e7\u00e3o do Microcr\u00e9dito Digital para Empreendedores &#8211; SIM Digital consiste em duas opera\u00e7\u00f5es, segundo o presidente da Caixa Econ\u00f4mica Federal, Pedro Guimar\u00e3es.<\/p>\n\n\n\n<p class=\"wp-block-paragraph\">Pessoa f\u00edsicas. Ser\u00e1 emprestado um valor de at\u00e9 R$ 1 mil, com taxa de juros a partir de 1,95% ao m\u00eas e parcelamento em 24 meses. Essa modalidade tamb\u00e9m vale quem est\u00e1 com o nome sujo;<br>Microempreendedores individuais (MEIs). At\u00e9 R$ 3 mil, com taxa de juros a partir de 1,99% ao m\u00eas e parcelamento em 24 meses.<br>O programa dever\u00e1 ter in\u00edcio em 28 de mar\u00e7o.<\/p>\n\n\n\n<p class=\"wp-block-paragraph\">O Sim Digital ser\u00e1 executado pelo Fundo Garantidor de Microfinan\u00e7as da Caixa (FGM) e receber\u00e1 um aporte de R$ 3 bilh\u00f5es do Fundo de Garantia do Tempo de Servi\u00e7o (FGTS).<\/p>\n\n\n\n<p class=\"wp-block-paragraph\">Como pedir o cr\u00e9dito?<br>O microcr\u00e9dito para pessoas f\u00edsicas ser\u00e1 oferecido pelo celular, por meio do Caixa Tem. Segundo o presidente da Caixa, a contrata\u00e7\u00e3o poder\u00e1 ser feita de forma autom\u00e1tica, com an\u00e1lise do pedido em at\u00e9 uma semana.<\/p>\n\n\n\n<p class=\"wp-block-paragraph\">No caso dos MEIs, num primeiro momento, a contrata\u00e7\u00e3o dever\u00e1 ser feita inicialmente nas ag\u00eancias da Caixa. Em cerca de 45 dias, o cr\u00e9dito tamb\u00e9m dever\u00e1 estar dispon\u00edvel para contrata\u00e7\u00e3o pelo Caixa Tem.<\/p>\n\n\n\n<p class=\"wp-block-paragraph\">A expectativa do governo \u00e9 de que 4,5 milh\u00f5es de empreendedores sejam beneficiados.<\/p>\n\n\n\n<p class=\"wp-block-paragraph\">Com o programa, o governo espera promover a formaliza\u00e7\u00e3o dos trabalhadores informais, garantir a formaliza\u00e7\u00e3o financeira e melhorar o acesso ao cr\u00e9dito para o empreendedor.<\/p>\n\n\n\n<p class=\"wp-block-paragraph\">Por que se tornar um MEI?<br>O Microempreendedor Individual (MEI) \u00e9 a modalidade ideal para quem quer come\u00e7ar um neg\u00f3cio, sair da informalidade e ter acesso a diversos benef\u00edcios.<\/p>\n\n\n\n<p class=\"wp-block-paragraph\">Com o cadastro, a empresa passa a ter CNPJ, al\u00e9m de obriga\u00e7\u00f5es e direitos de uma pessoa jur\u00eddica. A maior parte dos novos CNPJ criados em 2021 s\u00e3o de MEIs, que representam 80% do total das empresas abertas no pa\u00eds, segundo dados da Serasa Experian.<\/p>\n\n\n\n<p class=\"wp-block-paragraph\">Para ser MEI \u00e9 preciso ter um faturamento anual de at\u00e9 R$ 81 mil ou de R$ 6.750 por m\u00eas, n\u00e3o ter participa\u00e7\u00e3o em outra empresa e ter no m\u00e1ximo um funcion\u00e1rio.<\/p>","protected":false},"excerpt":{"rendered":"<p>Programa de Simplifica\u00e7\u00e3o do Microcr\u00e9dito Digital para Empreendedores &#8211; SIM Digital receber\u00e1 aporte de R$ 3 bilh\u00f5es do FGTS<\/p>","protected":false},"author":3,"featured_media":8241,"comment_status":"open","ping_status":"open","sticky":false,"template":"","format":"standard","meta":{"_crdt_document":"","footnotes":""},"categories":[36],"tags":[],"class_list":["post-8240","post","type-post","status-publish","format-standard","has-post-thumbnail","hentry","category-brasil"],"brizy_media":[],"_links":{"self":[{"href":"https:\/\/jornalcorporativo.com.br\/en\/wp-json\/wp\/v2\/posts\/8240","targetHints":{"allow":["GET"]}}],"collection":[{"href":"https:\/\/jornalcorporativo.com.br\/en\/wp-json\/wp\/v2\/posts"}],"about":[{"href":"https:\/\/jornalcorporativo.com.br\/en\/wp-json\/wp\/v2\/types\/post"}],"author":[{"embeddable":true,"href":"https:\/\/jornalcorporativo.com.br\/en\/wp-json\/wp\/v2\/users\/3"}],"replies":[{"embeddable":true,"href":"https:\/\/jornalcorporativo.com.br\/en\/wp-json\/wp\/v2\/comments?post=8240"}],"version-history":[{"count":0,"href":"https:\/\/jornalcorporativo.com.br\/en\/wp-json\/wp\/v2\/posts\/8240\/revisions"}],"wp:featuredmedia":[{"embeddable":true,"href":"https:\/\/jornalcorporativo.com.br\/en\/wp-json\/wp\/v2\/media\/8241"}],"wp:attachment":[{"href":"https:\/\/jornalcorporativo.com.br\/en\/wp-json\/wp\/v2\/media?parent=8240"}],"wp:term":[{"taxonomy":"category","embeddable":true,"href":"https:\/\/jornalcorporativo.com.br\/en\/wp-json\/wp\/v2\/categories?post=8240"},{"taxonomy":"post_tag","embeddable":true,"href":"https:\/\/jornalcorporativo.com.br\/en\/wp-json\/wp\/v2\/tags?post=8240"}],"curies":[{"name":"wp","href":"https:\/\/api.w.org\/{rel}","templated":true}]}}