{"id":8244,"date":"2022-03-18T16:18:12","date_gmt":"2022-03-18T19:18:12","guid":{"rendered":"https:\/\/jornalcorporativo.com.br\/?p=8244"},"modified":"2022-03-18T16:18:16","modified_gmt":"2022-03-18T19:18:16","slug":"desemprego-fica-em-112-em-janeiro-e-ainda-atinge-12-milhoes-diz-ibge","status":"publish","type":"post","link":"https:\/\/jornalcorporativo.com.br\/en\/economia\/desemprego-fica-em-112-em-janeiro-e-ainda-atinge-12-milhoes-diz-ibge\/","title":{"rendered":"Desemprego fica em 11,2% em janeiro e ainda atinge 12 milh\u00f5es, diz IBGE"},"content":{"rendered":"<p class=\"wp-block-paragraph\">A taxa de desemprego no Brasil ficou no 11,2% no trimestre encerrado em janeiro, com a falta de trabalho ainda atingindo 12 milh\u00f5es de brasileiros, informou nesta sexta-feira (18) o Instituto Brasileiro de Geografia e Estat\u00edstica (IBGE).<\/p>\n\n\n\n<p class=\"wp-block-paragraph\">O desemprego recuou 0,9 ponto percentual na compara\u00e7\u00e3o com o trimestre encerrado em outubro (12,1%). Segundo o IBGE, \u00e9 a menor taxa para o per\u00edodo desde 2016, quando registrou 9,6%.<br>Apesar do mercado de trabalho seguir em trajet\u00f3ria de recupera\u00e7\u00e3o no pa\u00eds, o rendimento real do trabalhador segue em queda para todas as categorias, encolhendo quase 10% em 1 ano.<\/p>\n\n\n\n<p class=\"wp-block-paragraph\">Os dados fazem parte da Pesquisa Nacional por Amostra de Domic\u00edlios Cont\u00ednua (Pnad). No levantamento anterior, referente ao trimestre encerrado em dezembro, a taxa de desemprego estava em 11,1%, atingindo 12 milh\u00f5es de pessoas. Na m\u00ednima hist\u00f3rica, registrada em 2014, chegou a 6,5%.<\/p>\n\n\n\n<p class=\"wp-block-paragraph\">Embora o desemprego tenha ficado levemente acima do registrada no trimestre encerrado em dezembro (11,1%), o IBGE considera compar\u00e1veis apenas os trimestres m\u00f3veis com um intervalo de 3 meses.<\/p>\n\n\n\n<p class=\"wp-block-paragraph\">O resultado veio um pouco melhor que o esperado. A mediana das previs\u00f5es em pesquisa da Reuters era de que a taxa de desemprego ficaria em 11,4% no per\u00edodo.<\/p>\n\n\n\n<p class=\"wp-block-paragraph\">N\u00famero de ocupados cresce, mas renda cai<br>O n\u00famero de ocupados no pa\u00eds atingiu 95,4 milh\u00f5es de pessoas estavam ocupadas, uma alta de 1,6% (1,5 milh\u00e3o de pessoas) ante o trimestre anterior e de 9,4% (8,2 milh\u00f5es de pessoas) na compara\u00e7\u00e3o interanual. Segundo o IBGE, \u00e9 a primeira vez que a gente consegue ultrapassar o total de ocupados do per\u00edodo pr\u00e9-pandemia.<\/p>","protected":false},"excerpt":{"rendered":"<p>Rendimento real do trabalhador voltou a cair, ficando em R$ 2.489 na m\u00e9dia, encolhendo 9,7% em 1 ano<\/p>","protected":false},"author":3,"featured_media":8246,"comment_status":"open","ping_status":"open","sticky":false,"template":"","format":"standard","meta":{"_crdt_document":"","footnotes":""},"categories":[4],"tags":[],"class_list":["post-8244","post","type-post","status-publish","format-standard","has-post-thumbnail","hentry","category-economia"],"brizy_media":[],"_links":{"self":[{"href":"https:\/\/jornalcorporativo.com.br\/en\/wp-json\/wp\/v2\/posts\/8244","targetHints":{"allow":["GET"]}}],"collection":[{"href":"https:\/\/jornalcorporativo.com.br\/en\/wp-json\/wp\/v2\/posts"}],"about":[{"href":"https:\/\/jornalcorporativo.com.br\/en\/wp-json\/wp\/v2\/types\/post"}],"author":[{"embeddable":true,"href":"https:\/\/jornalcorporativo.com.br\/en\/wp-json\/wp\/v2\/users\/3"}],"replies":[{"embeddable":true,"href":"https:\/\/jornalcorporativo.com.br\/en\/wp-json\/wp\/v2\/comments?post=8244"}],"version-history":[{"count":0,"href":"https:\/\/jornalcorporativo.com.br\/en\/wp-json\/wp\/v2\/posts\/8244\/revisions"}],"wp:featuredmedia":[{"embeddable":true,"href":"https:\/\/jornalcorporativo.com.br\/en\/wp-json\/wp\/v2\/media\/8246"}],"wp:attachment":[{"href":"https:\/\/jornalcorporativo.com.br\/en\/wp-json\/wp\/v2\/media?parent=8244"}],"wp:term":[{"taxonomy":"category","embeddable":true,"href":"https:\/\/jornalcorporativo.com.br\/en\/wp-json\/wp\/v2\/categories?post=8244"},{"taxonomy":"post_tag","embeddable":true,"href":"https:\/\/jornalcorporativo.com.br\/en\/wp-json\/wp\/v2\/tags?post=8244"}],"curies":[{"name":"wp","href":"https:\/\/api.w.org\/{rel}","templated":true}]}}