{"id":8383,"date":"2022-03-28T17:12:57","date_gmt":"2022-03-28T20:12:57","guid":{"rendered":"https:\/\/jornalcorporativo.com.br\/?p=8383"},"modified":"2022-03-28T17:13:03","modified_gmt":"2022-03-28T20:13:03","slug":"selecao-da-adeus-a-granja-e-nao-deve-voltar-a-treinar-no-brasil-antes-da-copa","status":"publish","type":"post","link":"https:\/\/jornalcorporativo.com.br\/en\/esportes\/selecao-da-adeus-a-granja-e-nao-deve-voltar-a-treinar-no-brasil-antes-da-copa\/","title":{"rendered":"Sele\u00e7\u00e3o d\u00e1 adeus \u00e0 Granja e n\u00e3o deve voltar a treinar no Brasil antes da Copa"},"content":{"rendered":"<p class=\"wp-block-paragraph\">Um pouco de calor humano para aquecer o grupo no frio da Granja Comary e tamb\u00e9m neste momento de despedida. Depois da intera\u00e7\u00e3o com a torcida no domingo, a Sele\u00e7\u00e3o faz mais um treino em Teres\u00f3polis na manh\u00e3 desta segunda-feira e depois viaja para a Bol\u00edvia, para provavelmente n\u00e3o mais voltar ao Brasil antes da disputa da Copa do Mundo.<\/p>\n\n\n\n<p class=\"wp-block-paragraph\">N\u00e3o era muita gente na Granja no domingo: menos de 100 torcedores, entre amigos, parentes e convidados dos jogadores e da CBF. At\u00e9 porque o clima n\u00e3o ajudou muito, com chuva e frio. Mas quem veio procurou incentivar com m\u00fasicas, bateria, bandeiras e fuma\u00e7as.<br>A tradicional neblina de Teres\u00f3polis frustrou quem esperava ver todo o treino nos detalhes. Na hora da atividade t\u00e1tica, o p\u00fablico ficou em sil\u00eancio e p\u00f4de ouvir Tite orientando o time titular.<br>Depois do treino, nomes como Fabinho, Lucas Paquet\u00e1 e Richarlison interagiram com os torcedores. E Tite voltou para as grades que cercam o gramado principal da Granja para atend\u00ea-los. Ele tirou fotos, deu aut\u00f3grafos e ainda &#8220;orquestrou&#8221; um batuque.<\/p>\n\n\n\n<p class=\"wp-block-paragraph\">N\u00e3o foi uma despedida com grande p\u00fablico, mas como indicou o volante Fred, os jogadores comemoraram essa oportunidade de reencontrar familiares, em especial aqueles que atuam na Europa \u2014 86% do atual grupo no momento, exceto Weverton, Everson e Arana.<\/p>\n\n\n\n<p class=\"wp-block-paragraph\">Mesmo faltando cerca de oito meses para a Copa do Mundo, j\u00e1 d\u00e1 para dizer que a Sele\u00e7\u00e3o n\u00e3o voltar\u00e1 a treinar no Brasil antes do torneio. Algo diferente do que aconteceu, por exemplo, nas campanhas recentes para as edi\u00e7\u00f5es de 2014 e 2018, quando houve prepara\u00e7\u00e3o na Granja Comary.<\/p>\n\n\n\n<p class=\"wp-block-paragraph\">A \u00fanica possibilidade de isso mudar \u00e9 caso a Fifa determine que a partida contra a Argentina seja realizada no Brasil. O cl\u00e1ssico que deveria ter acontecido em setembro do ano passado, mas acabou suspenso ap\u00f3s interven\u00e7\u00e3o de agentes da Anvisa, deve ser disputado em junho. A CBF quer levar o confronto para a Austr\u00e1lia, \u00e0 pedido da Pitch. A decis\u00e3o sobre o local do jogo deve sair na pr\u00f3xima semana.<\/p>\n\n\n\n<p class=\"wp-block-paragraph\">A Fifa definiu que as equipes devem se reunir at\u00e9 uma semana antes, no dia 14, e elas ter\u00e3o que chegar no Catar at\u00e9 cinco dias antes de suas respectivas estreias.<br>Antes disso, a sele\u00e7\u00e3o brasileira pretende fazer cinco amistosos, aproveitando as Datas Fifa entre o fim de maio e meados de junho e depois em setembro.<\/p>","protected":false},"excerpt":{"rendered":"<p>Ao contr\u00e1rio de outras oportunidades, Brasil n\u00e3o vai fazer reta final de prepara\u00e7\u00e3o para Mundial no centro de treinamento da CBF<\/p>","protected":false},"author":3,"featured_media":8384,"comment_status":"open","ping_status":"open","sticky":false,"template":"","format":"standard","meta":{"_crdt_document":"","footnotes":""},"categories":[6],"tags":[],"class_list":["post-8383","post","type-post","status-publish","format-standard","has-post-thumbnail","hentry","category-esportes"],"brizy_media":[],"_links":{"self":[{"href":"https:\/\/jornalcorporativo.com.br\/en\/wp-json\/wp\/v2\/posts\/8383","targetHints":{"allow":["GET"]}}],"collection":[{"href":"https:\/\/jornalcorporativo.com.br\/en\/wp-json\/wp\/v2\/posts"}],"about":[{"href":"https:\/\/jornalcorporativo.com.br\/en\/wp-json\/wp\/v2\/types\/post"}],"author":[{"embeddable":true,"href":"https:\/\/jornalcorporativo.com.br\/en\/wp-json\/wp\/v2\/users\/3"}],"replies":[{"embeddable":true,"href":"https:\/\/jornalcorporativo.com.br\/en\/wp-json\/wp\/v2\/comments?post=8383"}],"version-history":[{"count":0,"href":"https:\/\/jornalcorporativo.com.br\/en\/wp-json\/wp\/v2\/posts\/8383\/revisions"}],"wp:featuredmedia":[{"embeddable":true,"href":"https:\/\/jornalcorporativo.com.br\/en\/wp-json\/wp\/v2\/media\/8384"}],"wp:attachment":[{"href":"https:\/\/jornalcorporativo.com.br\/en\/wp-json\/wp\/v2\/media?parent=8383"}],"wp:term":[{"taxonomy":"category","embeddable":true,"href":"https:\/\/jornalcorporativo.com.br\/en\/wp-json\/wp\/v2\/categories?post=8383"},{"taxonomy":"post_tag","embeddable":true,"href":"https:\/\/jornalcorporativo.com.br\/en\/wp-json\/wp\/v2\/tags?post=8383"}],"curies":[{"name":"wp","href":"https:\/\/api.w.org\/{rel}","templated":true}]}}