{"id":8387,"date":"2022-03-28T17:13:36","date_gmt":"2022-03-28T20:13:36","guid":{"rendered":"https:\/\/jornalcorporativo.com.br\/?p=8387"},"modified":"2022-03-28T17:13:40","modified_gmt":"2022-03-28T20:13:40","slug":"alopecia-o-que-e-a-condicao-capilar-que-motivou-agressao-de-will-smith-a-chris-rock","status":"publish","type":"post","link":"https:\/\/jornalcorporativo.com.br\/en\/saude-natural\/alopecia-o-que-e-a-condicao-capilar-que-motivou-agressao-de-will-smith-a-chris-rock\/","title":{"rendered":"Alopecia: o que \u00e9 a condi\u00e7\u00e3o capilar que motivou agress\u00e3o de Will Smith a Chris Rock"},"content":{"rendered":"<p class=\"wp-block-paragraph\">A cerim\u00f4nia do Oscar 2022 ficou marcada pela agress\u00e3o do ator Will Smith contra Chris Rock durante a premia\u00e7\u00e3o mais importante do cinema.<\/p>\n\n\n\n<p class=\"wp-block-paragraph\">Chris levou um tapa no rosto ap\u00f3s Will Smith se irritar com o coment\u00e1rio feito pelo ator sobre Pinkett Smith, que tem a cabe\u00e7a raspada por conta da alopecia, uma condi\u00e7\u00e3o capilar que causa a queda de cabelo.<\/p>\n\n\n\n<p class=\"wp-block-paragraph\">O que \u00e9 a alopecia?<br>A alopecia \u00e9 um dos problemas mais relacionados \u00e0 perda de cabelo ou pelo entre homens e mulheres em qualquer parte do corpo. Ela pode ser causada por influ\u00eancias gen\u00e9ticas, processos inflamat\u00f3rios locais ou doen\u00e7as sist\u00eamicas.<\/p>\n\n\n\n<p class=\"wp-block-paragraph\">Um dos tipos mais comuns de alopecia \u00e9 a areata, que \u00e9 uma doen\u00e7a autoimune \u2014 quando as c\u00e9lulas atacam o pr\u00f3prio organismo. Ela atinge aproximadamente 2% da popula\u00e7\u00e3o mundial em diferentes n\u00edveis \u2014 pode afetar desde pequenas \u00e1reas do couro cabeludo ou da barba, por meio de les\u00f5es circulares, ou at\u00e9 causar a completa aus\u00eancia dos fios em todo o corpo.<\/p>\n\n\n\n<p class=\"wp-block-paragraph\">Outro tipo comum da alopecia \u00e9 a androgen\u00e9tica, que tamb\u00e9m \u00e9 autoimune e causa o afinamento progressivo dos fios. Ela \u00e9 mais recorrente entre os homens, cujas \u00e1reas mais atingidas s\u00e3o a coroa e a regi\u00e3o frontal (entradas).<\/p>\n\n\n\n<p class=\"wp-block-paragraph\">J\u00e1 as mulheres \u2014 estima-se que 5% tenham alopecia androgen\u00e9tica \u2014 sofrem com sintomas, que costumam ser mais discretos, como perda capilar na regi\u00e3o central do couro cabeludo. No caso delas, os per\u00edodos de queda intensa podem ter rela\u00e7\u00e3o com irregularidade menstrual, acne ou obesidade.<\/p>\n\n\n\n<p class=\"wp-block-paragraph\">O quadro n\u00e3o \u00e9 contagioso e n\u00e3o apresenta riscos \u00e0 sa\u00fade, al\u00e9m da perda capilar em si. Segundo a Sociedade Brasileira de Dermatologia (SBD), casos de perda total dos fios no corpo em raz\u00e3o da alopecia s\u00e3o uma minoria: cerca de 5%.<br>A perda capilar em pessoas com algum tipo de alopecia pode ser intensificada por fatores emocionais, como estresse intenso.<\/p>\n\n\n\n<p class=\"wp-block-paragraph\">Como resolver a queda capilar?<br>De acordo com a SBD, n\u00e3o h\u00e1 uma forma de prevenir a alopecia por se tratar de uma doen\u00e7a cujas causas s\u00e3o desconhecidas. Mas h\u00e1 algumas orienta\u00e7\u00f5es para tentar evitar quadro intenso de queda capilar, como reduzir o estresse sempre que poss\u00edvel.<\/p>\n\n\n\n<p class=\"wp-block-paragraph\">Existem diversos tratamentos para tratar a queda capilar, como medicamentos t\u00f3picos ou at\u00e9 mesmo inje\u00e7\u00e3o no couro cabeludo, que estimulam o fol\u00edculo a produzir cabelo novamente e precisa ser feita de modo cont\u00ednuo.<\/p>\n\n\n\n<p class=\"wp-block-paragraph\">Em meio \u00e0s diversas alternativas, especialistas ressaltam que \u00e9 fundamental que o paciente busque um dermatologista para que possa entender as causas da perda capilar e para que o m\u00e9dico defina o melhor tratamento para o caso.<\/p>","protected":false},"excerpt":{"rendered":"<p>Por conta das falhas capilares causadas pela doen\u00e7a, Pinkett Smith, mulher do ator de Hollywood, decidiu raspar a cabe\u00e7a<\/p>","protected":false},"author":3,"featured_media":8388,"comment_status":"open","ping_status":"open","sticky":false,"template":"","format":"standard","meta":{"_crdt_document":"","footnotes":""},"categories":[8],"tags":[],"class_list":["post-8387","post","type-post","status-publish","format-standard","has-post-thumbnail","hentry","category-saude-natural"],"brizy_media":[],"_links":{"self":[{"href":"https:\/\/jornalcorporativo.com.br\/en\/wp-json\/wp\/v2\/posts\/8387","targetHints":{"allow":["GET"]}}],"collection":[{"href":"https:\/\/jornalcorporativo.com.br\/en\/wp-json\/wp\/v2\/posts"}],"about":[{"href":"https:\/\/jornalcorporativo.com.br\/en\/wp-json\/wp\/v2\/types\/post"}],"author":[{"embeddable":true,"href":"https:\/\/jornalcorporativo.com.br\/en\/wp-json\/wp\/v2\/users\/3"}],"replies":[{"embeddable":true,"href":"https:\/\/jornalcorporativo.com.br\/en\/wp-json\/wp\/v2\/comments?post=8387"}],"version-history":[{"count":0,"href":"https:\/\/jornalcorporativo.com.br\/en\/wp-json\/wp\/v2\/posts\/8387\/revisions"}],"wp:featuredmedia":[{"embeddable":true,"href":"https:\/\/jornalcorporativo.com.br\/en\/wp-json\/wp\/v2\/media\/8388"}],"wp:attachment":[{"href":"https:\/\/jornalcorporativo.com.br\/en\/wp-json\/wp\/v2\/media?parent=8387"}],"wp:term":[{"taxonomy":"category","embeddable":true,"href":"https:\/\/jornalcorporativo.com.br\/en\/wp-json\/wp\/v2\/categories?post=8387"},{"taxonomy":"post_tag","embeddable":true,"href":"https:\/\/jornalcorporativo.com.br\/en\/wp-json\/wp\/v2\/tags?post=8387"}],"curies":[{"name":"wp","href":"https:\/\/api.w.org\/{rel}","templated":true}]}}