{"id":8391,"date":"2022-03-28T17:14:17","date_gmt":"2022-03-28T20:14:17","guid":{"rendered":"https:\/\/jornalcorporativo.com.br\/?p=8391"},"modified":"2022-03-28T17:14:20","modified_gmt":"2022-03-28T20:14:20","slug":"zelensky-exige-que-paises-ocidentais-fornecam-armas","status":"publish","type":"post","link":"https:\/\/jornalcorporativo.com.br\/en\/internacional\/zelensky-exige-que-paises-ocidentais-fornecam-armas\/","title":{"rendered":"Zelensky exige que pa\u00edses ocidentais forne\u00e7am armas"},"content":{"rendered":"<p class=\"wp-block-paragraph\">O presidente ucraniano, Volodymyr Zelensky, visivelmente irritado, exigiu que os pa\u00edses ocidentais forne\u00e7am uma fra\u00e7\u00e3o do equipamento militar de seus estoques para seu pa\u00eds e questionou se eles t\u00eam medo de Moscou.<\/p>\n\n\n\n<p class=\"wp-block-paragraph\">V\u00e1rios pa\u00edses prometeram enviar m\u00edsseis antiblindagem e antia\u00e9reos, bem como armas pequenas, mas Zelenskiy disse que Kiev n\u00e3o est\u00e1 recebendo o que precisa.<br>&#8220;S\u00e3o tanques para nosso Estado. \u00c9 a defesa de m\u00edsseis. S\u00e3o armas antinavio. Isso \u00e9 o que nossos parceiros t\u00eam, \u00e9 isso que est\u00e1 apenas acumulando poeira l\u00e1&#8221;, disse ele em seu agora habitual discurso em v\u00eddeo de s\u00e1bado. &#8220;Isso tudo n\u00e3o \u00e9 apenas pela liberdade da Ucr\u00e2nia, mas pela liberdade da Europa.&#8221;<\/p>\n\n\n\n<p class=\"wp-block-paragraph\">A Ucr\u00e2nia precisa de apenas 1% das aeronaves da Organiza\u00e7\u00e3o do Tratado do Atl\u00e2ntico Norte (Otan) e 1% de seus tanques, disse ele, acrescentando ser imposs\u00edvel impedir os ataques russos ao porto de Mariupol, no sul, sem tanques, ve\u00edculos blindados e aeronaves suficientes.<br>&#8220;J\u00e1 estamos esperando h\u00e1 31 dias. Quem est\u00e1 no comando da comunidade euro-atl\u00e2ntica? Ainda \u00e9 realmente Moscou, por causa da intimida\u00e7\u00e3o?&#8221; questionou.<\/p>\n\n\n\n<p class=\"wp-block-paragraph\">Zelenskiy tem argumentado repetidamente que a R\u00fassia tentar\u00e1 se expandir ainda mais na Europa se a Ucr\u00e2nia cair. No entanto, a Otan rejeitou seus pedidos para estabelecer uma zona livre de tr\u00e1fego a\u00e9reo sobre a Ucr\u00e2nia, alegando que isso poderia provocar uma guerra mais ampla.<\/p>\n\n\n\n<p class=\"wp-block-paragraph\">Entrevista a jornalistas russos<br>A Ucr\u00e2nia est\u00e1 preparada para adotar um status de neutralidade como parte de um acordo de paz com a R\u00fassia, mas isso precisar\u00e1 ser garantido por uma terceira parte e ser colocado em um referendo, afirmou, neste domingo (27) o presidente Volodymyr Zelensky.<br>O presidente da Ucr\u00e2nia afirmou tamb\u00e9m que a invas\u00e3o de seu pa\u00eds por tropas russas causaram as maiores destrui\u00e7\u00f5es a cidades onde se fala russo \u2013segundo ele, a destrui\u00e7\u00e3o \u00e9 pior do que a a\u00e7\u00e3o do ex\u00e9rcito russo na Chech\u00eania.<\/p>","protected":false},"excerpt":{"rendered":"<p>Presidente ucraniano deu uma entrevista a jornalistas russos e afirmou que est\u00e1 disposto a aceitar status de neutralidade<\/p>","protected":false},"author":3,"featured_media":8392,"comment_status":"open","ping_status":"open","sticky":false,"template":"","format":"standard","meta":{"_crdt_document":"","footnotes":""},"categories":[2],"tags":[],"class_list":["post-8391","post","type-post","status-publish","format-standard","has-post-thumbnail","hentry","category-internacional"],"brizy_media":[],"_links":{"self":[{"href":"https:\/\/jornalcorporativo.com.br\/en\/wp-json\/wp\/v2\/posts\/8391","targetHints":{"allow":["GET"]}}],"collection":[{"href":"https:\/\/jornalcorporativo.com.br\/en\/wp-json\/wp\/v2\/posts"}],"about":[{"href":"https:\/\/jornalcorporativo.com.br\/en\/wp-json\/wp\/v2\/types\/post"}],"author":[{"embeddable":true,"href":"https:\/\/jornalcorporativo.com.br\/en\/wp-json\/wp\/v2\/users\/3"}],"replies":[{"embeddable":true,"href":"https:\/\/jornalcorporativo.com.br\/en\/wp-json\/wp\/v2\/comments?post=8391"}],"version-history":[{"count":0,"href":"https:\/\/jornalcorporativo.com.br\/en\/wp-json\/wp\/v2\/posts\/8391\/revisions"}],"wp:featuredmedia":[{"embeddable":true,"href":"https:\/\/jornalcorporativo.com.br\/en\/wp-json\/wp\/v2\/media\/8392"}],"wp:attachment":[{"href":"https:\/\/jornalcorporativo.com.br\/en\/wp-json\/wp\/v2\/media?parent=8391"}],"wp:term":[{"taxonomy":"category","embeddable":true,"href":"https:\/\/jornalcorporativo.com.br\/en\/wp-json\/wp\/v2\/categories?post=8391"},{"taxonomy":"post_tag","embeddable":true,"href":"https:\/\/jornalcorporativo.com.br\/en\/wp-json\/wp\/v2\/tags?post=8391"}],"curies":[{"name":"wp","href":"https:\/\/api.w.org\/{rel}","templated":true}]}}