{"id":8395,"date":"2022-03-28T17:15:34","date_gmt":"2022-03-28T20:15:34","guid":{"rendered":"https:\/\/jornalcorporativo.com.br\/?p=8395"},"modified":"2022-03-28T17:15:37","modified_gmt":"2022-03-28T20:15:37","slug":"escandalo-dos-pastores-derruba-milton-ribeiro-agora-ex-ministro-da-educacao","status":"publish","type":"post","link":"https:\/\/jornalcorporativo.com.br\/en\/politica\/escandalo-dos-pastores-derruba-milton-ribeiro-agora-ex-ministro-da-educacao\/","title":{"rendered":"Esc\u00e2ndalo dos pastores, derruba Milton Ribeiro, agora ex-ministro da Educa\u00e7\u00e3o"},"content":{"rendered":"<p class=\"wp-block-paragraph\">O governo anunciou nesta segunda-feira (28), em edi\u00e7\u00e3o extra do &#8220;Di\u00e1rio Oficial da Uni\u00e3o&#8221;, a sa\u00edda do cargo de Milton Ribeiro , quarto ministro da Educa\u00e7\u00e3o do governo Jair Bolsonaro a deixar o posto.<br>Pastor presbiteriano e professor, Ribeiro estava desde julho do ano passado no comando do MEC e pediu exonera\u00e7\u00e3o nesta segunda ap\u00f3s uma reuni\u00e3o com o presidente Jair Bolsonaro.<\/p>\n\n\n\n<p class=\"wp-block-paragraph\">A sa\u00edda de Milton Ribeiro se deu uma semana ap\u00f3s revela\u00e7\u00e3o pelo jornal &#8220;Folha de S.Paulo&#8221; de uma grava\u00e7\u00e3o na qual o ministro diz repassar verbas do minist\u00e9rio para munic\u00edpios indicados por dois pastores a pedido do presidente Jair Bolsonaro.<br>Os pastores a que o ministro se refere no \u00e1udio s\u00e3o Gilmar Santos, presidente da Conven\u00e7\u00e3o Nacional de Igrejas e Ministros das Assembleias de Deus no Brasil Cristo Para Todos (Conimadb), e Arilton Moura, ligado \u00e0 Assembleia de Deus.<br>Eles n\u00e3o t\u00eam cargo no governo, mas nos \u00faltimos anos participaram de v\u00e1rias reuni\u00f5es com autoridades e tiveram encontros com Bolsonaro.<\/p>\n\n\n\n<p class=\"wp-block-paragraph\">Milton Ribeiro afirmou que Bolsonaro n\u00e3o pediu atendimento preferencial aos pedidos dos pastores e negou favorecimento aos religiosos.<\/p>\n\n\n\n<p class=\"wp-block-paragraph\">Bolsonaro<br>O presidente Jair Bolsonaro foi convencido por aliados a tirar Milton Ribeiro do comando do Minist\u00e9rio da Educa\u00e7\u00e3o.<br>Alguns aliados defenderam uma licen\u00e7a de Ribeiro, mas a prefer\u00eancia \u00e9 pela demiss\u00e3o.<\/p>\n\n\n\n<p class=\"wp-block-paragraph\">O jornal &#8220;Folha de S. Paulo&#8221; revelou um \u00e1udio que mostra o ministro, em uma reuni\u00e3o com prefeitos, dizendo que, a pedido de Bolsonaro, repassa verbas do minist\u00e9rio a munic\u00edpios escolhidos por pastores.<br>Na esteira da revela\u00e7\u00e3o do \u00e1udio, come\u00e7aram a surgir den\u00fancias de prefeitos de que os pastores favorecidos no MEC cobravam propina dos munic\u00edpios para a libera\u00e7\u00e3o das verbas.<br>Entre os pedidos de propina relatados estavam, segundo os prefeitos, dep\u00f3sitos de R$ 15 mil e pagamentos em ouro. A PF j\u00e1 abriu inqu\u00e9rito para investigar eventuais irregularidades em repasses do MEC.<\/p>\n\n\n\n<p class=\"wp-block-paragraph\">Segundo interlocutores de Bolsonaro, a crise s\u00f3 tende a aumentar e novas den\u00fancias devem ser divulgadas. Com isso, quem ficar\u00e1 mais desgastado \u00e9 o pr\u00f3prio presidente, em um ano eleitoral.<br>No lugar de Milton Ribeiro, interinamente, deve ficar o secret\u00e1rio-executivo, Victor Godoy Veiga.<\/p>","protected":false},"excerpt":{"rendered":"<p>Ministro \u00e9 investigado pela PGR por supostamente privilegiar prefeitos indicados por pastores ao liberar verbas da Educa\u00e7\u00e3o<\/p>","protected":false},"author":3,"featured_media":8396,"comment_status":"open","ping_status":"open","sticky":false,"template":"","format":"standard","meta":{"_crdt_document":"","footnotes":""},"categories":[7],"tags":[],"class_list":["post-8395","post","type-post","status-publish","format-standard","has-post-thumbnail","hentry","category-politica"],"brizy_media":[],"_links":{"self":[{"href":"https:\/\/jornalcorporativo.com.br\/en\/wp-json\/wp\/v2\/posts\/8395","targetHints":{"allow":["GET"]}}],"collection":[{"href":"https:\/\/jornalcorporativo.com.br\/en\/wp-json\/wp\/v2\/posts"}],"about":[{"href":"https:\/\/jornalcorporativo.com.br\/en\/wp-json\/wp\/v2\/types\/post"}],"author":[{"embeddable":true,"href":"https:\/\/jornalcorporativo.com.br\/en\/wp-json\/wp\/v2\/users\/3"}],"replies":[{"embeddable":true,"href":"https:\/\/jornalcorporativo.com.br\/en\/wp-json\/wp\/v2\/comments?post=8395"}],"version-history":[{"count":0,"href":"https:\/\/jornalcorporativo.com.br\/en\/wp-json\/wp\/v2\/posts\/8395\/revisions"}],"wp:featuredmedia":[{"embeddable":true,"href":"https:\/\/jornalcorporativo.com.br\/en\/wp-json\/wp\/v2\/media\/8396"}],"wp:attachment":[{"href":"https:\/\/jornalcorporativo.com.br\/en\/wp-json\/wp\/v2\/media?parent=8395"}],"wp:term":[{"taxonomy":"category","embeddable":true,"href":"https:\/\/jornalcorporativo.com.br\/en\/wp-json\/wp\/v2\/categories?post=8395"},{"taxonomy":"post_tag","embeddable":true,"href":"https:\/\/jornalcorporativo.com.br\/en\/wp-json\/wp\/v2\/tags?post=8395"}],"curies":[{"name":"wp","href":"https:\/\/api.w.org\/{rel}","templated":true}]}}