{"id":8399,"date":"2022-03-28T17:16:19","date_gmt":"2022-03-28T20:16:19","guid":{"rendered":"https:\/\/jornalcorporativo.com.br\/?p=8399"},"modified":"2022-03-28T17:16:22","modified_gmt":"2022-03-28T20:16:22","slug":"75-dos-brasileiros-acham-que-governo-bolsonaro-tem-responsabilidade-na-alta-da-inflacao","status":"publish","type":"post","link":"https:\/\/jornalcorporativo.com.br\/en\/brasil\/75-dos-brasileiros-acham-que-governo-bolsonaro-tem-responsabilidade-na-alta-da-inflacao\/","title":{"rendered":"75% dos brasileiros acham que governo Bolsonaro tem responsabilidade na alta da infla\u00e7\u00e3o"},"content":{"rendered":"<p class=\"wp-block-paragraph\">Pesquisa Datafolha divulgada nesta segunda-feira (28) pelo jornal &#8220;Folha de S.Paulo&#8221; aponta que, para 75% dos brasileiros, o governo do presidente Jair Bolsonaro tem responsabilidade na alta da infla\u00e7\u00e3o (um pouco de responsabilidade: 39%; e muita responsabilidade: 36%).<\/p>\n\n\n\n<p class=\"wp-block-paragraph\">O levantamento do Datafolha foi realizado na ter\u00e7a (22) e na quarta-feira (23) com 2.556 eleitores em 181 cidades de todo o pa\u00eds. A margem de erro \u00e9 de dois pontos percentuais, para mais ou menos.<\/p>\n\n\n\n<p class=\"wp-block-paragraph\">Veja os n\u00fameros da pesquisa:<\/p>\n\n\n\n<p class=\"wp-block-paragraph\">Um pouco de responsabilidade: 39%<br>Muita responsabilidade: 36%<br>Nenhuma responsabilidade: 21%<br>N\u00e3o sabe: 3%<br>A \u00faltima pesquisa do tipo realizada pelo instituto aconteceu em setembro de 2021. Na \u00e9poca, 41% responderam que o governo tinha muita responsabilidade; 34% um pouco de responsabilidade; e 23% nenhuma responsabilidade. 2% n\u00e3o souberam responder.<\/p>\n\n\n\n<p class=\"wp-block-paragraph\">Infla\u00e7\u00e3o 2022<br>Na semana passado, o Banco Central elevou de 4,7% para 7,1% a estimativa de infla\u00e7\u00e3o para este ano, calculada com base no \u00cdndice Nacional de Pre\u00e7os ao Consumidor Amplo (IPCA). Com isso, o Banco Central admitiu que a meta de infla\u00e7\u00e3o deve ser superada pelo segundo ano seguido em 2022. A probabilidade de &#8220;estouro&#8221; da meta \u00e9 de 88% a 97%, calculou o banco.<\/p>\n\n\n\n<p class=\"wp-block-paragraph\">Definida pelo Conselho Monet\u00e1rio Nacional (CMN), a meta de infla\u00e7\u00e3o para este ano \u00e9 de 3,5% e ser\u00e1 considerada formalmente cumprida se oscilar entre 2% e 5%.<\/p>\n\n\n\n<p class=\"wp-block-paragraph\">A previs\u00e3o de estouro consta do relat\u00f3rio de infla\u00e7\u00e3o do primeiro trimestre deste ano, divulgado na quinta-feira (24), e considera a trajet\u00f3ria estimada pelo mercado financeiro para as taxas de juros e de c\u00e2mbio neste ano e em 2023.<\/p>\n\n\n\n<p class=\"wp-block-paragraph\">Situa\u00e7\u00e3o econ\u00f4mica piorou<br>Uma pesquisa Datafolha divulgada no final do ano passado pelo jornal &#8220;Folha de S.Paulo&#8221; apontou que, para 69% dos brasileiros, a situa\u00e7\u00e3o econ\u00f4mica do pa\u00eds piorou nos \u00faltimos meses. J\u00e1 11% disseram que melhorou, e 20% afirmaram que ficou como estava.<br>Segundo o jornal, a parcela de brasileiros que acha que a situa\u00e7\u00e3o econ\u00f4mica piorou est\u00e1 pr\u00f3xima dos maiores patamares j\u00e1 registrados nas pesquisas em que esse questionamento foi feito.<\/p>","protected":false},"excerpt":{"rendered":"<p>O levantamento do Datafolha foi realizado na ter\u00e7a (22) e na quarta-feira (23) com 2.556 eleitores em 181 cidades de todo o pa\u00eds<\/p>","protected":false},"author":3,"featured_media":8400,"comment_status":"open","ping_status":"open","sticky":false,"template":"","format":"standard","meta":{"_crdt_document":"","footnotes":""},"categories":[36],"tags":[],"class_list":["post-8399","post","type-post","status-publish","format-standard","has-post-thumbnail","hentry","category-brasil"],"brizy_media":[],"_links":{"self":[{"href":"https:\/\/jornalcorporativo.com.br\/en\/wp-json\/wp\/v2\/posts\/8399","targetHints":{"allow":["GET"]}}],"collection":[{"href":"https:\/\/jornalcorporativo.com.br\/en\/wp-json\/wp\/v2\/posts"}],"about":[{"href":"https:\/\/jornalcorporativo.com.br\/en\/wp-json\/wp\/v2\/types\/post"}],"author":[{"embeddable":true,"href":"https:\/\/jornalcorporativo.com.br\/en\/wp-json\/wp\/v2\/users\/3"}],"replies":[{"embeddable":true,"href":"https:\/\/jornalcorporativo.com.br\/en\/wp-json\/wp\/v2\/comments?post=8399"}],"version-history":[{"count":0,"href":"https:\/\/jornalcorporativo.com.br\/en\/wp-json\/wp\/v2\/posts\/8399\/revisions"}],"wp:featuredmedia":[{"embeddable":true,"href":"https:\/\/jornalcorporativo.com.br\/en\/wp-json\/wp\/v2\/media\/8400"}],"wp:attachment":[{"href":"https:\/\/jornalcorporativo.com.br\/en\/wp-json\/wp\/v2\/media?parent=8399"}],"wp:term":[{"taxonomy":"category","embeddable":true,"href":"https:\/\/jornalcorporativo.com.br\/en\/wp-json\/wp\/v2\/categories?post=8399"},{"taxonomy":"post_tag","embeddable":true,"href":"https:\/\/jornalcorporativo.com.br\/en\/wp-json\/wp\/v2\/tags?post=8399"}],"curies":[{"name":"wp","href":"https:\/\/api.w.org\/{rel}","templated":true}]}}