{"id":8407,"date":"2022-03-28T17:17:32","date_gmt":"2022-03-28T20:17:32","guid":{"rendered":"https:\/\/jornalcorporativo.com.br\/?p=8407"},"modified":"2022-03-28T17:17:34","modified_gmt":"2022-03-28T20:17:34","slug":"gabriel-monteiro-orientou-crianca-a-falar-que-seu-pai-era-alcoolatra-diz-ex-assessor-do-vereador-sobre-video-publicado-nas-redes-sociais","status":"publish","type":"post","link":"https:\/\/jornalcorporativo.com.br\/en\/politica\/gabriel-monteiro-orientou-crianca-a-falar-que-seu-pai-era-alcoolatra-diz-ex-assessor-do-vereador-sobre-video-publicado-nas-redes-sociais\/","title":{"rendered":"&#8216;Gabriel Monteiro orientou crian\u00e7a a falar que seu pai era alco\u00f3latra&#8217;, diz ex-assessor do vereador sobre v\u00eddeo publicado nas redes sociais"},"content":{"rendered":"<p class=\"wp-block-paragraph\">De acordo com ex-assessores, o vereador do Rio, ex-policial e youtuber Gabriel Luiz Monteiro de Oliveira (sem partido) publicou em suas redes sociais \u201cv\u00edideos forjados\u201d. Entre essas grava\u00e7\u00f5es, est\u00e3o alguns em que aparecem diversas crian\u00e7as, que ele \u201centrevista\u201d e publica em suas redes sociais com certa frequ\u00eancia. Neste domingo, vazou imagens em que o parlamentar instrui uma crian\u00e7a a falar que estava com fome.<br>Outro ex-assessor, Heitor Monteiro Lobby, de 21 anos, que integrou a equipe do vereador por quase um ano, acusa Gabriel Monteiro de instruir &#8220;a equipe a piorar a narrativa&#8221; sobre a situa\u00e7\u00e3o.<\/p>","protected":false},"excerpt":{"rendered":"<p>De acordo com ex-assessores, o vereador do Rio, ex-policial e youtuber Gabriel Luiz Monteiro de Oliveira (sem partido) publicou em suas redes sociais \u201cv\u00edideos forjados\u201d. Entre essas grava\u00e7\u00f5es, est\u00e3o alguns em que aparecem diversas crian\u00e7as, que ele \u201centrevista\u201d e publica em suas redes sociais com certa frequ\u00eancia. Neste domingo, vazou imagens em que o parlamentar [&hellip;]<\/p>\n","protected":false},"author":3,"featured_media":8408,"comment_status":"open","ping_status":"open","sticky":false,"template":"","format":"standard","meta":{"_crdt_document":"","footnotes":""},"categories":[7],"tags":[],"class_list":["post-8407","post","type-post","status-publish","format-standard","has-post-thumbnail","hentry","category-politica"],"brizy_media":[],"_links":{"self":[{"href":"https:\/\/jornalcorporativo.com.br\/en\/wp-json\/wp\/v2\/posts\/8407","targetHints":{"allow":["GET"]}}],"collection":[{"href":"https:\/\/jornalcorporativo.com.br\/en\/wp-json\/wp\/v2\/posts"}],"about":[{"href":"https:\/\/jornalcorporativo.com.br\/en\/wp-json\/wp\/v2\/types\/post"}],"author":[{"embeddable":true,"href":"https:\/\/jornalcorporativo.com.br\/en\/wp-json\/wp\/v2\/users\/3"}],"replies":[{"embeddable":true,"href":"https:\/\/jornalcorporativo.com.br\/en\/wp-json\/wp\/v2\/comments?post=8407"}],"version-history":[{"count":0,"href":"https:\/\/jornalcorporativo.com.br\/en\/wp-json\/wp\/v2\/posts\/8407\/revisions"}],"wp:featuredmedia":[{"embeddable":true,"href":"https:\/\/jornalcorporativo.com.br\/en\/wp-json\/wp\/v2\/media\/8408"}],"wp:attachment":[{"href":"https:\/\/jornalcorporativo.com.br\/en\/wp-json\/wp\/v2\/media?parent=8407"}],"wp:term":[{"taxonomy":"category","embeddable":true,"href":"https:\/\/jornalcorporativo.com.br\/en\/wp-json\/wp\/v2\/categories?post=8407"},{"taxonomy":"post_tag","embeddable":true,"href":"https:\/\/jornalcorporativo.com.br\/en\/wp-json\/wp\/v2\/tags?post=8407"}],"curies":[{"name":"wp","href":"https:\/\/api.w.org\/{rel}","templated":true}]}}