{"id":8440,"date":"2022-03-30T15:29:50","date_gmt":"2022-03-30T18:29:50","guid":{"rendered":"https:\/\/jornalcorporativo.com.br\/?p=8440"},"modified":"2022-03-30T15:29:53","modified_gmt":"2022-03-30T18:29:53","slug":"selecao-quebra-paradigma-na-altitude-afunila-mais-grupo-de-tite-para-copa-e-embarca-para-sorteio-em-doha","status":"publish","type":"post","link":"https:\/\/jornalcorporativo.com.br\/en\/esportes\/selecao-quebra-paradigma-na-altitude-afunila-mais-grupo-de-tite-para-copa-e-embarca-para-sorteio-em-doha\/","title":{"rendered":"Sele\u00e7\u00e3o quebra paradigma na altitude, afunila mais grupo de Tite para Copa e embarca para sorteio em Doha"},"content":{"rendered":"<p class=\"wp-block-paragraph\">A sele\u00e7\u00e3o brasileira conseguiu placar hist\u00f3rico com os 4 a 0 (dois de Richarlison, um de Paquet\u00e1 e outro de Bruno Guimar\u00e3es) na Bol\u00edvia, no est\u00e1dio Hernando Siles, em La Paz. Foi apenas a terceira vit\u00f3ria em nove duelos nos 3.600 metros bolivianos.<\/p>\n\n\n\n<p class=\"wp-block-paragraph\">A equipe de Tite tem a marca de time seguro, eficiente e que cresce de n\u00edvel a oito meses da Copa do Catar. O treinador e a comiss\u00e3o t\u00e9cnica embarcam para Doha para o sorteio de sexta-feira na torcida para que o congresso t\u00e9cnico da Fifa aprove a inclus\u00e3o de mais tr\u00eas nomes para levar 26, n\u00e3o mais 23.<\/p>\n\n\n\n<p class=\"wp-block-paragraph\">Foi o terceiro 4 a 0 consecutivo da equipe de Tite. Venceu Paraguai e Chile, em casa, e a Bol\u00edvia em La Paz. S\u00e3o 39 gols marcados, saldo de 34 na campanha de recorde das Eliminat\u00f3rias. A sele\u00e7\u00e3o brasileira sofreu apenas cinco gols.<\/p>\n\n\n\n<p class=\"wp-block-paragraph\">Com a goleada, o Brasil garantiu a melhor campanha da hist\u00f3ria das Eliminat\u00f3rias com 45 pontos, a seis da Argentina, mas ainda falta o confronto que deve ser realizado em junho. Tamb\u00e9m se classificam diretamente ao Catar, al\u00e9m dos argentino, Equador e Uruguai. O Peru vai para a repescagem<br>A comiss\u00e3o costuma dizer que tem entre 30 a 35 nomes em alto n\u00edvel para levar ao Mundial. Foram mais de 100 convocados e 40 estreantes neste ciclo. H\u00e1 a inclina\u00e7\u00e3o para olhar ainda com mais aten\u00e7\u00e3o para a forma f\u00edsica na hora de fechar a lista, li\u00e7\u00e3o que ficou para Tite e a comiss\u00e3o na R\u00fassia em 2018 para levar a 2022 &#8211; num tiro curto e com recupera\u00e7\u00f5es de poucos dias entre os jogos.<\/p>\n\n\n\n<p class=\"wp-block-paragraph\">Mas o funil se estreita, depois de boas apari\u00e7\u00f5es de Daniel Alves, que disputa com Emerson, e a inclus\u00e3o de Alex Telles na briga que tem Guilherme Arana e Renan Lodi &#8211; Alex Sandro n\u00e3o foi convocado porque recuperava de les\u00e3o.<\/p>\n\n\n\n<p class=\"wp-block-paragraph\">Em La Paz, houve brilho de Bruno Guimar\u00e3es, com gol e a terceira assist\u00eancia &#8211; ap\u00f3s linda tabelinha com Lucas Paquet\u00e1, ex-companheiro de Lyon &#8211; nos \u00faltimos tr\u00eas jogos pela Sele\u00e7\u00e3o, e desempenho de bom n\u00edvel das \u00faltimas escolhas de Tite &#8211; com a exce\u00e7\u00e3o desta vez, em La Paz, de Philippe Coutinho, que pareceu sentir mais os efeitos da altitude boliviana.<\/p>\n\n\n\n<p class=\"wp-block-paragraph\">O Brasil seguiu \u00e0 risca a estrat\u00e9gia antecipada por Tite, com linhas de passe curto para deixar a Bol\u00edvia longe da bola. O quarteto ofensivo &#8211; formado por Antony, Paquet\u00e1, Richarlison e Coutinho &#8211; atuava pr\u00f3ximo e contava com aux\u00edlio de Bruno Guimar\u00e3es e Fabinho.<\/p>","protected":false},"excerpt":{"rendered":"<p>A equipe de Tite tem a marca de time seguro, eficiente e que cresce de n\u00edvel a oito meses da Copa do Mundo no Catar<\/p>","protected":false},"author":3,"featured_media":8441,"comment_status":"open","ping_status":"open","sticky":false,"template":"","format":"standard","meta":{"_crdt_document":"","footnotes":""},"categories":[6],"tags":[],"class_list":["post-8440","post","type-post","status-publish","format-standard","has-post-thumbnail","hentry","category-esportes"],"brizy_media":[],"_links":{"self":[{"href":"https:\/\/jornalcorporativo.com.br\/en\/wp-json\/wp\/v2\/posts\/8440","targetHints":{"allow":["GET"]}}],"collection":[{"href":"https:\/\/jornalcorporativo.com.br\/en\/wp-json\/wp\/v2\/posts"}],"about":[{"href":"https:\/\/jornalcorporativo.com.br\/en\/wp-json\/wp\/v2\/types\/post"}],"author":[{"embeddable":true,"href":"https:\/\/jornalcorporativo.com.br\/en\/wp-json\/wp\/v2\/users\/3"}],"replies":[{"embeddable":true,"href":"https:\/\/jornalcorporativo.com.br\/en\/wp-json\/wp\/v2\/comments?post=8440"}],"version-history":[{"count":0,"href":"https:\/\/jornalcorporativo.com.br\/en\/wp-json\/wp\/v2\/posts\/8440\/revisions"}],"wp:featuredmedia":[{"embeddable":true,"href":"https:\/\/jornalcorporativo.com.br\/en\/wp-json\/wp\/v2\/media\/8441"}],"wp:attachment":[{"href":"https:\/\/jornalcorporativo.com.br\/en\/wp-json\/wp\/v2\/media?parent=8440"}],"wp:term":[{"taxonomy":"category","embeddable":true,"href":"https:\/\/jornalcorporativo.com.br\/en\/wp-json\/wp\/v2\/categories?post=8440"},{"taxonomy":"post_tag","embeddable":true,"href":"https:\/\/jornalcorporativo.com.br\/en\/wp-json\/wp\/v2\/tags?post=8440"}],"curies":[{"name":"wp","href":"https:\/\/api.w.org\/{rel}","templated":true}]}}