{"id":8444,"date":"2022-03-30T15:30:29","date_gmt":"2022-03-30T18:30:29","guid":{"rendered":"https:\/\/jornalcorporativo.com.br\/?p=8444"},"modified":"2022-03-30T15:30:32","modified_gmt":"2022-03-30T18:30:32","slug":"mortes-relacionadas-ao-alcool-dispararam-durante-a-pandemia","status":"publish","type":"post","link":"https:\/\/jornalcorporativo.com.br\/en\/saude-natural\/mortes-relacionadas-ao-alcool-dispararam-durante-a-pandemia\/","title":{"rendered":"Mortes relacionadas ao \u00e1lcool dispararam durante a pandemia"},"content":{"rendered":"<p class=\"wp-block-paragraph\">O primeiro ano da pandemia de covid-19 foi marcado por um salto no n\u00famero de mortes relacionadas ao abuso de \u00e1lcool nos Estados Unidos.<br>Segundo pesquisadores do Instituto Nacional sobre Abuso de \u00c1lcool e Alcoolismo (NIAAA, na sigla em ingl\u00eas), divis\u00e3o dos Institutos Nacionais de Sa\u00fade, ag\u00eancia de pesquisa biom\u00e9dica do governo americano, o n\u00famero de mortes envolvendo \u00e1lcool passou de 78.927 em 2019 para 99.017 em 2020, um aumento de 25,5%. Isso inclui desde casos de intoxica\u00e7\u00e3o pelo consumo excessivo de \u00e1lcool at\u00e9 casos de fal\u00eancia hep\u00e1tica relacionada \u00e0 bebida.<\/p>\n\n\n\n<p class=\"wp-block-paragraph\">Os dados foram apresentados em um estudo publicado em 18 de mar\u00e7o no Journal of the American Medical Association (JAMA), revista cient\u00edfica da Associa\u00e7\u00e3o M\u00e9dica Americana, e refletem um fen\u00f4meno tamb\u00e9m registrado em outros pa\u00edses, como o Brasil.<\/p>\n\n\n\n<p class=\"wp-block-paragraph\">Brasil<br>De acordo com um levantamento divulgado no ano passado pela organiza\u00e7\u00e3o independente de sa\u00fade p\u00fablica Vital Strategies, com base em dados Minist\u00e9rio da Sa\u00fade brasileiro, de 2019 para 2020 houve aumento de 18,4% em mortes no Brasil relacionadas a &#8220;transtornos mentais e comportamentais devidos ao uso de \u00e1lcool&#8221;.<\/p>\n\n\n\n<p class=\"wp-block-paragraph\">O levantamento no Brasil usou crit\u00e9rios diferentes do estudo americano, mas o salto no primeiro ano da pandemia tamb\u00e9m ficou muito acima da m\u00e9dia da d\u00e9cada anterior, quando foram registrados aumentos pequenos ou at\u00e9 queda em alguns anos.<\/p>\n\n\n\n<p class=\"wp-block-paragraph\">Tanto no Brasil quanto nos Estados Unidos, o aumento desses n\u00fameros pode estar relacionado ao estresse gerado pela pandemia, na qual muitas pessoas enfrentaram isolamento e mudan\u00e7as abruptas na rotina, no trabalho e nos h\u00e1bitos de consumo, al\u00e9m de adiarem tratamentos de sa\u00fade f\u00edsica e mental.<br>&#8220;Maior consumo de \u00e1lcool para enfrentar fatores de estresse relacionados \u00e0 pandemia, mudan\u00e7as de pol\u00edticas relacionadas ao \u00e1lcool e interrup\u00e7\u00f5es no acesso a tratamento s\u00e3o poss\u00edveis fatores que contribu\u00edram (para o aumento)&#8221;, dizem os pesquisadores americanos.<\/p>\n\n\n\n<p class=\"wp-block-paragraph\">Homens e mulheres de todas as idades<br>Para chegar aos resultados, White e seus colegas analisaram certid\u00f5es de \u00f3bito de pessoas com 16 anos ou mais em que o \u00e1lcool foi listado como causa principal ou fator que contribuiu para a morte.<br>Est\u00e3o inclu\u00eddas mortes resultantes de doen\u00e7as do f\u00edgado associadas ao \u00e1lcool, de transtornos mentais e de comportamento relacionados ao consumo de \u00e1lcool e de overdose de drogas envolvendo tamb\u00e9m \u00e1lcool, entre outras causas.<\/p>\n\n\n\n<p class=\"wp-block-paragraph\">O estudo revelou aumento nos \u00f3bitos por \u00e1lcool de homens e mulheres de todas as idades, com os maiores saltos nas faixas et\u00e1rias de 35 a 44 anos (39,7%) e de 25 a 34 anos (37%).<\/p>","protected":false},"excerpt":{"rendered":"<p>Nos EUA, n\u00famero de mortes envolvendo \u00e1lcool passou de 78.927 em 2019 para 99.017 em 2020, um aumento de 25,5%<\/p>","protected":false},"author":3,"featured_media":8445,"comment_status":"open","ping_status":"open","sticky":false,"template":"","format":"standard","meta":{"_crdt_document":"","footnotes":""},"categories":[8],"tags":[],"class_list":["post-8444","post","type-post","status-publish","format-standard","has-post-thumbnail","hentry","category-saude-natural"],"brizy_media":[],"_links":{"self":[{"href":"https:\/\/jornalcorporativo.com.br\/en\/wp-json\/wp\/v2\/posts\/8444","targetHints":{"allow":["GET"]}}],"collection":[{"href":"https:\/\/jornalcorporativo.com.br\/en\/wp-json\/wp\/v2\/posts"}],"about":[{"href":"https:\/\/jornalcorporativo.com.br\/en\/wp-json\/wp\/v2\/types\/post"}],"author":[{"embeddable":true,"href":"https:\/\/jornalcorporativo.com.br\/en\/wp-json\/wp\/v2\/users\/3"}],"replies":[{"embeddable":true,"href":"https:\/\/jornalcorporativo.com.br\/en\/wp-json\/wp\/v2\/comments?post=8444"}],"version-history":[{"count":0,"href":"https:\/\/jornalcorporativo.com.br\/en\/wp-json\/wp\/v2\/posts\/8444\/revisions"}],"wp:featuredmedia":[{"embeddable":true,"href":"https:\/\/jornalcorporativo.com.br\/en\/wp-json\/wp\/v2\/media\/8445"}],"wp:attachment":[{"href":"https:\/\/jornalcorporativo.com.br\/en\/wp-json\/wp\/v2\/media?parent=8444"}],"wp:term":[{"taxonomy":"category","embeddable":true,"href":"https:\/\/jornalcorporativo.com.br\/en\/wp-json\/wp\/v2\/categories?post=8444"},{"taxonomy":"post_tag","embeddable":true,"href":"https:\/\/jornalcorporativo.com.br\/en\/wp-json\/wp\/v2\/tags?post=8444"}],"curies":[{"name":"wp","href":"https:\/\/api.w.org\/{rel}","templated":true}]}}