{"id":8448,"date":"2022-03-30T15:31:03","date_gmt":"2022-03-30T18:31:03","guid":{"rendered":"https:\/\/jornalcorporativo.com.br\/?p=8448"},"modified":"2022-03-30T15:31:06","modified_gmt":"2022-03-30T18:31:06","slug":"guerra-da-ucrania-perto-do-fim-o-que-esperar-das-negociacoes","status":"publish","type":"post","link":"https:\/\/jornalcorporativo.com.br\/en\/internacional\/guerra-da-ucrania-perto-do-fim-o-que-esperar-das-negociacoes\/","title":{"rendered":"Guerra da Ucr\u00e2nia perto do fim? O que esperar das negocia\u00e7\u00f5es"},"content":{"rendered":"<p class=\"wp-block-paragraph\">Depois de uma rodada de negocia\u00e7\u00f5es de paz entre R\u00fassia e Ucr\u00e2nia nesta ter\u00e7a-feira (29\/3), o vice-ministro russo da Defesa, Alexander Fomin, disse que, em um esfor\u00e7o para &#8220;aumentar a confian\u00e7a m\u00fatua&#8221;, seu pa\u00eds iria reduzir &#8220;drasticamente&#8221; as opera\u00e7\u00f5es de combate perto da capital ucraniana, Kiev, e de Chernigov, cidade no norte da Ucr\u00e2nia.<br>O governo turco, que recebeu as delega\u00e7\u00f5es da R\u00fassia e da Ucr\u00e2nia, disse que o resultado desta ter\u00e7a representa o progresso mais significativo desde o in\u00edcio da guerra, em fevereiro. Mas, apesar dos sinais positivos, autoridades dos Estados Unidos e do Reino Unido reagiram com cautela.<\/p>\n\n\n\n<p class=\"wp-block-paragraph\">O presidente dos Estados Unidos, Joe Biden, disse que n\u00e3o vai tirar conclus\u00f5es antes de ver as a\u00e7\u00f5es da R\u00fassia. &#8220;Veremos se ir\u00e3o fazer o que est\u00e3o sugerindo&#8221;, afirmou.<br>O secret\u00e1rio de Estado americano, Antony Blinken, disse ainda n\u00e3o ter visto &#8220;sinais de seriedade&#8221; por parte da R\u00fassia sobre buscar a paz.<br>&#8220;Existe o que a R\u00fassia diz e existe o que a R\u00fassia faz. Estamos focados neste \u00faltimo&#8221;, disse Blinken em entrevista coletiva durante visita ao Marrocos. &#8220;E o que a R\u00fassia est\u00e1 fazendo \u00e9 a cont\u00ednua brutaliza\u00e7\u00e3o da Ucr\u00e2nia e de sua popula\u00e7\u00e3o, que continua enquanto falamos.&#8221;<\/p>\n\n\n\n<p class=\"wp-block-paragraph\">Um porta-voz do primeiro-ministro brit\u00e2nico, Boris Johnson, disse que a Gr\u00e3-Bretanha quer que as for\u00e7as russas deixem completamente a Ucr\u00e2nia. &#8220;Julgaremos Putin e seu regime por suas a\u00e7\u00f5es, n\u00e3o por suas palavras&#8221;, afirmou o porta-voz.<br>Em entrevista \u00e0 ag\u00eancia russa de not\u00edcias TASS, o chefe da delega\u00e7\u00e3o russa, Vladimir Medinsky, disse que as negocia\u00e7\u00f5es foram &#8220;construtivas&#8221;, mas esclareceu que a promessa de reduzir atividade militar ainda n\u00e3o significa um cessar-fogo imediato.<br>&#8220;Isso n\u00e3o \u00e9 um cessar-fogo, mas esse \u00e9 nosso desejo, gradualmente atingir uma desescalada do conflito pelo menos nessa frente&#8221;, disse Medinsky.<\/p>\n\n\n\n<p class=\"wp-block-paragraph\">Entre os temas tratados nas negocia\u00e7\u00f5es est\u00e1 a neutralidade da Ucr\u00e2nia, que seria protegida por garantias de seguran\u00e7a de um grupo de dez pa\u00edses, entre os quais os cinco membros permanentes do Conselho de Seguran\u00e7a da ONU (R\u00fassia, Estados Unidos, Reino Unido, Fran\u00e7a e China).<\/p>","protected":false},"excerpt":{"rendered":"<p>R\u00fassia anunciou que vai reduzir &#8216;drasticamente&#8217; as opera\u00e7\u00f5es perto de Kiev; EUA disse que n\u00e3o vai tirar conclus\u00f5es antes de ver as a\u00e7\u00f5es<\/p>","protected":false},"author":3,"featured_media":8449,"comment_status":"open","ping_status":"open","sticky":false,"template":"","format":"standard","meta":{"_crdt_document":"","footnotes":""},"categories":[2],"tags":[],"class_list":["post-8448","post","type-post","status-publish","format-standard","has-post-thumbnail","hentry","category-internacional"],"brizy_media":[],"_links":{"self":[{"href":"https:\/\/jornalcorporativo.com.br\/en\/wp-json\/wp\/v2\/posts\/8448","targetHints":{"allow":["GET"]}}],"collection":[{"href":"https:\/\/jornalcorporativo.com.br\/en\/wp-json\/wp\/v2\/posts"}],"about":[{"href":"https:\/\/jornalcorporativo.com.br\/en\/wp-json\/wp\/v2\/types\/post"}],"author":[{"embeddable":true,"href":"https:\/\/jornalcorporativo.com.br\/en\/wp-json\/wp\/v2\/users\/3"}],"replies":[{"embeddable":true,"href":"https:\/\/jornalcorporativo.com.br\/en\/wp-json\/wp\/v2\/comments?post=8448"}],"version-history":[{"count":0,"href":"https:\/\/jornalcorporativo.com.br\/en\/wp-json\/wp\/v2\/posts\/8448\/revisions"}],"wp:featuredmedia":[{"embeddable":true,"href":"https:\/\/jornalcorporativo.com.br\/en\/wp-json\/wp\/v2\/media\/8449"}],"wp:attachment":[{"href":"https:\/\/jornalcorporativo.com.br\/en\/wp-json\/wp\/v2\/media?parent=8448"}],"wp:term":[{"taxonomy":"category","embeddable":true,"href":"https:\/\/jornalcorporativo.com.br\/en\/wp-json\/wp\/v2\/categories?post=8448"},{"taxonomy":"post_tag","embeddable":true,"href":"https:\/\/jornalcorporativo.com.br\/en\/wp-json\/wp\/v2\/tags?post=8448"}],"curies":[{"name":"wp","href":"https:\/\/api.w.org\/{rel}","templated":true}]}}