{"id":8452,"date":"2022-03-30T15:31:44","date_gmt":"2022-03-30T18:31:44","guid":{"rendered":"https:\/\/jornalcorporativo.com.br\/?p=8452"},"modified":"2022-03-30T15:31:47","modified_gmt":"2022-03-30T18:31:47","slug":"nao-vai-mudar-nada-diz-mourao-sobre-troca-no-comando-da-petrobras-feita-por-bolsonaro","status":"publish","type":"post","link":"https:\/\/jornalcorporativo.com.br\/en\/politica\/nao-vai-mudar-nada-diz-mourao-sobre-troca-no-comando-da-petrobras-feita-por-bolsonaro\/","title":{"rendered":"&#8216;N\u00e3o vai mudar nada&#8217;, diz Mour\u00e3o sobre troca no comando da Petrobras feita por Bolsonaro"},"content":{"rendered":"<p class=\"wp-block-paragraph\">O vice-presidente Hamilton Mour\u00e3o afirmou nesta quarta-feira (30) que n\u00e3o acredita em mudan\u00e7as na gest\u00e3o da Petrobras ap\u00f3s a decis\u00e3o do governo Jair Bolsonaro de tirar do comando da estatal o general Joaquim Silva e Luna. Ele ser\u00e1 substitu\u00eddo pelo economista Adriano Pires.<br>A mudan\u00e7a, informada na segunda-feira (28), precisa ser confirmada pela assembleia-geral dos acionistas da estatal. A pr\u00f3xima reuni\u00e3o est\u00e1 marcada para 13 de abril. At\u00e9 l\u00e1, Silva e Luna, que \u00e9 general da reserva e ex-ministro da Defesa, segue \u00e0 frente da Petrobras.<\/p>\n\n\n\n<p class=\"wp-block-paragraph\">O presidente Jair Bolsonaro decidiu tirar Silva e Luna ap\u00f3s semanas de cr\u00edticas \u00e0 pol\u00edtica da estatal para os pre\u00e7os dos combust\u00edveis, que leva em conta o valor do barril do petr\u00f3leo no mercado internacional e a varia\u00e7\u00e3o do d\u00f3lar.<br>A guerra na Ucr\u00e2nia aumentou pre\u00e7os e fez a companhia anunciar um mega-reajuste, o que irritou Bolsonaro.<\/p>\n\n\n\n<p class=\"wp-block-paragraph\">Mour\u00e3o, que esteve na ter\u00e7a-feira (29) com Silva e Luna em um evento em Bras\u00edlia, afirmou a jornalistas que n\u00e3o acredita em mudan\u00e7as dr\u00e1sticas. Ele argumentou que a Petrobras \u00e9 uma empresa com a\u00e7\u00e3o em bolsa e regras de governan\u00e7a que devem ser respeitadas.<br>&#8220;Esse novo presidente da Petrobras a\u00ed que vai ser nomeado, o Adriano Pires, se voc\u00ea ler tudo o que ele escreve, vai continuar tudo como dantes no quartel de Abrantes. N\u00e3o vai mudar n\u00e9\u201d, disse Mour\u00e3o.<\/p>\n\n\n\n<p class=\"wp-block-paragraph\">Na ter\u00e7a, no evento em que encontrou Mour\u00e3o, Silva e Luna declarou que a estatal n\u00e3o pode fazer pol\u00edtica p\u00fablica com os pre\u00e7os dos combust\u00edveis e &#8220;menos ainda&#8221; pol\u00edtica partid\u00e1ria. Ap\u00f3s, ao falar a jornalistas, disse que a reputa\u00e7\u00e3o da empresa &#8220;pode estar sendo arranhada&#8221;.<br>Adriano Pires<br>S\u00f3cio-diretor do Centro Brasileiro de Infraestrutura (CBIE), Adriano Pires defendeu recentemente a cria\u00e7\u00e3o de fundo de estabiliza\u00e7\u00e3o para evitar repasses de pre\u00e7o ao consumidor nos momentos de forte alta da cota\u00e7\u00e3o do petr\u00f3leo.<br>&#8220;O fundo n\u00e3o vai resolver o problema de aumento do pre\u00e7o do combust\u00edvel&#8221;, afirmou em entrevista concedida em novembro ano passado. &#8220;Mas ele vai ajudar em duas coisas: diminuir a volatilidade, ou seja, n\u00e3o vai haver um repasse t\u00e3o r\u00e1pido para o consumidor. E pode reduzir um pouco o pre\u00e7o.&#8221;<\/p>\n\n\n\n<p class=\"wp-block-paragraph\">Pires \u00e9 formado pela Universidade Federal do Rio de Janeiro e tem doutorado em economia industrial pela Universidade de Paris XIII. Ele tem mais de 40 anos de atua\u00e7\u00e3o no mercado de energia e j\u00e1 assessorou o diretor-geral da Ag\u00eancia Nacional de Petr\u00f3leo, G\u00e1s e Biocombust\u00edveis (ANP).<\/p>","protected":false},"excerpt":{"rendered":"<p>Ap\u00f3s desgaste por disparada nos pre\u00e7os dos combust\u00edveis Bolsonaro decidiu tirar Joaquim Silva e Luna da presid\u00eancia<\/p>","protected":false},"author":3,"featured_media":8453,"comment_status":"open","ping_status":"open","sticky":false,"template":"","format":"standard","meta":{"_crdt_document":"","footnotes":""},"categories":[7],"tags":[],"class_list":["post-8452","post","type-post","status-publish","format-standard","has-post-thumbnail","hentry","category-politica"],"brizy_media":[],"_links":{"self":[{"href":"https:\/\/jornalcorporativo.com.br\/en\/wp-json\/wp\/v2\/posts\/8452","targetHints":{"allow":["GET"]}}],"collection":[{"href":"https:\/\/jornalcorporativo.com.br\/en\/wp-json\/wp\/v2\/posts"}],"about":[{"href":"https:\/\/jornalcorporativo.com.br\/en\/wp-json\/wp\/v2\/types\/post"}],"author":[{"embeddable":true,"href":"https:\/\/jornalcorporativo.com.br\/en\/wp-json\/wp\/v2\/users\/3"}],"replies":[{"embeddable":true,"href":"https:\/\/jornalcorporativo.com.br\/en\/wp-json\/wp\/v2\/comments?post=8452"}],"version-history":[{"count":0,"href":"https:\/\/jornalcorporativo.com.br\/en\/wp-json\/wp\/v2\/posts\/8452\/revisions"}],"wp:featuredmedia":[{"embeddable":true,"href":"https:\/\/jornalcorporativo.com.br\/en\/wp-json\/wp\/v2\/media\/8453"}],"wp:attachment":[{"href":"https:\/\/jornalcorporativo.com.br\/en\/wp-json\/wp\/v2\/media?parent=8452"}],"wp:term":[{"taxonomy":"category","embeddable":true,"href":"https:\/\/jornalcorporativo.com.br\/en\/wp-json\/wp\/v2\/categories?post=8452"},{"taxonomy":"post_tag","embeddable":true,"href":"https:\/\/jornalcorporativo.com.br\/en\/wp-json\/wp\/v2\/tags?post=8452"}],"curies":[{"name":"wp","href":"https:\/\/api.w.org\/{rel}","templated":true}]}}