{"id":8456,"date":"2022-03-30T15:32:14","date_gmt":"2022-03-30T18:32:14","guid":{"rendered":"https:\/\/jornalcorporativo.com.br\/?p=8456"},"modified":"2022-03-30T15:32:17","modified_gmt":"2022-03-30T18:32:17","slug":"datafolha-64-dos-brasileiros-dizem-ter-medo-de-sair-a-noite-nas-cidades","status":"publish","type":"post","link":"https:\/\/jornalcorporativo.com.br\/en\/brasil\/datafolha-64-dos-brasileiros-dizem-ter-medo-de-sair-a-noite-nas-cidades\/","title":{"rendered":"Datafolha: 64% dos brasileiros dizem ter medo de sair \u00e0 noite nas cidades"},"content":{"rendered":"<p class=\"wp-block-paragraph\">Uma pesquisa do instituto Datafolha divulgada nesta quarta-feira (30) pelo jornal &#8220;Folha de S. Paulo&#8221; aponta que 64% da popula\u00e7\u00e3o t\u00eam medo de sair \u00e0 noite nas cidades brasileiras. Instituto tamb\u00e9m quis saber sobre o interesse do brasileiro sobre armas de fogo como forma de defesa pessoal.<br>Entre os entrevistados, 37% disseram que se sentem muito inseguros ap\u00f3s escurecer e 27% dizem ter um pouco de inseguran\u00e7a.<\/p>\n\n\n\n<p class=\"wp-block-paragraph\">O instituto fez duas perguntas sobre a percep\u00e7\u00e3o de seguran\u00e7a: o temor de frequentar ruas de sua cidade e de seu bairro, mais pr\u00f3ximas das resid\u00eancias. Veja os resultados:<br>Muito inseguros: 37% para a cidade e 31% para o bairro<br>Pouco inseguros: 27% para a cidade e 25% para o bairro<br>Mais ou menos seguros: 23% para a cidade e 23% para o bairro<br>Muito seguros: 14% para a cidade e 22% para o bairro<br>As mulheres temem mais as ruas durante a noite, com 45% delas indicando a sensa\u00e7\u00e3o de inseguran\u00e7a \u2013 esse n\u00famero fica em 27% para os homens.<\/p>\n\n\n\n<p class=\"wp-block-paragraph\">Em um recorte por ra\u00e7a, 42% dos que se declaram pretos disseram que se sentem muito inseguros, em compara\u00e7\u00e3o com 34% dos brancos e 36% de pardos.<\/p>\n\n\n\n<p class=\"wp-block-paragraph\">A sensa\u00e7\u00e3o de seguran\u00e7a \u00e9 maior no interior do pa\u00eds, segundo a pesquisa. Entre moradores de regi\u00f5es metropolitanas, 48% se dizem muito inseguros \u00e0 noite, enquanto 28% dos moradores de munic\u00edpios interioranos indicaram essa percep\u00e7\u00e3o.\u200b<br>O levantamento entrevistou 2.556 pessoas em 181 munic\u00edpios de todo o pa\u00eds nos dias 22 e 23 de mar\u00e7o. A margem de erro m\u00e1xima \u00e9 de dois pontos percentuais para mais ou para menos.<br>O instituto fez uma pergunta similar aos brasileiros em dezembro de 2019, quando questionou se as pessoas tinham medo ou n\u00e3o de andar nas ruas \u00e0 noite. Na ocasi\u00e3o, 72% disseram ter medo de sair ap\u00f3s escurecer. Os dados, no entanto, n\u00e3o podem ser comparados diretamente.<\/p>\n\n\n\n<p class=\"wp-block-paragraph\">Compra de armas<br>O Datafolha tamb\u00e9m quis saber sobre o interesse do brasileiro sobre armas como forma de defesa pessoal.<br>Ao serem perguntados se j\u00e1 pensaram em comprar uma arma para se defender da viol\u00eancia, 72% dizem que n\u00e3o.<br>Entre aqueles que apoiam o governo de Jair Bolsonaro (PL), 40% afirmam que j\u00e1 pensaram em adquirir uma arma \u2013 o \u00edndice geral \u00e9 de 28%.<br>Apenas 4% dos entrevistados dizem possuir armamento em casa. Entre eles, a maioria s\u00e3o homens (82%), com idade m\u00e9dia de 57 anos. Moram em regi\u00f5es metropolitanas (56%), do Sudeste (52%), com renda acima de 5 sal\u00e1rios m\u00ednimos (37%) e com n\u00edvel superior (36%).<\/p>","protected":false},"excerpt":{"rendered":"<p>Sobre armas de fogo como forma de defesa pessoal, 72% disseram que nunca pensaram em comprar item para se defender<\/p>","protected":false},"author":3,"featured_media":8457,"comment_status":"open","ping_status":"open","sticky":false,"template":"","format":"standard","meta":{"_crdt_document":"","footnotes":""},"categories":[36],"tags":[],"class_list":["post-8456","post","type-post","status-publish","format-standard","has-post-thumbnail","hentry","category-brasil"],"brizy_media":[],"_links":{"self":[{"href":"https:\/\/jornalcorporativo.com.br\/en\/wp-json\/wp\/v2\/posts\/8456","targetHints":{"allow":["GET"]}}],"collection":[{"href":"https:\/\/jornalcorporativo.com.br\/en\/wp-json\/wp\/v2\/posts"}],"about":[{"href":"https:\/\/jornalcorporativo.com.br\/en\/wp-json\/wp\/v2\/types\/post"}],"author":[{"embeddable":true,"href":"https:\/\/jornalcorporativo.com.br\/en\/wp-json\/wp\/v2\/users\/3"}],"replies":[{"embeddable":true,"href":"https:\/\/jornalcorporativo.com.br\/en\/wp-json\/wp\/v2\/comments?post=8456"}],"version-history":[{"count":0,"href":"https:\/\/jornalcorporativo.com.br\/en\/wp-json\/wp\/v2\/posts\/8456\/revisions"}],"wp:featuredmedia":[{"embeddable":true,"href":"https:\/\/jornalcorporativo.com.br\/en\/wp-json\/wp\/v2\/media\/8457"}],"wp:attachment":[{"href":"https:\/\/jornalcorporativo.com.br\/en\/wp-json\/wp\/v2\/media?parent=8456"}],"wp:term":[{"taxonomy":"category","embeddable":true,"href":"https:\/\/jornalcorporativo.com.br\/en\/wp-json\/wp\/v2\/categories?post=8456"},{"taxonomy":"post_tag","embeddable":true,"href":"https:\/\/jornalcorporativo.com.br\/en\/wp-json\/wp\/v2\/tags?post=8456"}],"curies":[{"name":"wp","href":"https:\/\/api.w.org\/{rel}","templated":true}]}}