{"id":8460,"date":"2022-03-30T15:33:43","date_gmt":"2022-03-30T18:33:43","guid":{"rendered":"https:\/\/jornalcorporativo.com.br\/?p=8460"},"modified":"2022-03-30T15:33:46","modified_gmt":"2022-03-30T18:33:46","slug":"precos-de-remedios-terao-reajuste-e-devem-subir-1089-a-partir-desta-semana","status":"publish","type":"post","link":"https:\/\/jornalcorporativo.com.br\/en\/economia\/precos-de-remedios-terao-reajuste-e-devem-subir-1089-a-partir-desta-semana\/","title":{"rendered":"Pre\u00e7os de rem\u00e9dios ter\u00e3o reajuste e devem subir 10,89% a partir desta semana"},"content":{"rendered":"<p class=\"wp-block-paragraph\">Os pre\u00e7os dos medicamentos devem ser reajustados em 10,89%, segundo informou o Sindusfarma (Sindicato da Ind\u00fastria de Produtos Farmac\u00eauticos).<br>Esse percentual de reajuste \u00e9 um valor m\u00e1ximo que pode ser aplicado pelos fabricantes, e deve entrar em vigor no final desta semana.<\/p>\n\n\n\n<p class=\"wp-block-paragraph\">O \u00edndice leva em conta a infla\u00e7\u00e3o e o fator Y, divulgado na ter\u00e7a-feira (29) pela C\u00e2mara de Regula\u00e7\u00e3o do Mercado de Medicamentos (CMED), que calcula os custos de produ\u00e7\u00e3o n\u00e3o captados pelo \u00cdndice Nacional de Pre\u00e7os ao Consumidor Amplo (IPCA), como varia\u00e7\u00e3o cambial, tarifas de eletricidade e varia\u00e7\u00e3o de pre\u00e7os de insumos.<br>Em 2021, a infla\u00e7\u00e3o oficial foi de 10,06%.<\/p>\n\n\n\n<p class=\"wp-block-paragraph\">O reajuste ainda precisa ser autorizado pelo governo federal, mas o Sindusfarma destaca que, pela lei, a recomposi\u00e7\u00e3o anual de pre\u00e7os poder\u00e1 ser aplicada a partir desta quinta-feira (31), &#8220;em cerca de 13 mil apresenta\u00e7\u00f5es de medicamentos dispon\u00edveis no mercado varejista brasileiro&#8221;.<\/p>\n\n\n\n<p class=\"wp-block-paragraph\">A entidade lembra, no entanto, que o reajuste n\u00e3o \u00e9 autom\u00e1tico e nem imediato, &#8220;pois a grande concorr\u00eancia entre as empresas do setor regula os pre\u00e7os: medicamentos com o mesmo princ\u00edpio ativo e para a mesma classe terap\u00eautica (doen\u00e7a) s\u00e3o oferecidos no pa\u00eds por v\u00e1rios fabricantes e em milhares de pontos de venda&#8221;, afirmou em nota o sindicato.<\/p>\n\n\n\n<p class=\"wp-block-paragraph\">No ano passado, o reajuste autorizado foi de at\u00e9 10,08% para os medicamentos, ante uma infla\u00e7\u00e3o de 4,52% no ano anterior.<br>Por meio do CMED, \u00f3rg\u00e3o vinculado \u00e0 Anvisa (Ag\u00eancia Nacional de Vigil\u00e2ncia Sanit\u00e1ria), o governo controla o reajuste de pre\u00e7os de medicamentos periodicamente \u2013 estabelecendo o aumento m\u00e1ximo que esses produtos podem atingir no mercado brasileiro.<\/p>\n\n\n\n<p class=\"wp-block-paragraph\">A Anvisa informou que a resolu\u00e7\u00e3o da CMED sobre os dados oficiais do reajuste &#8220;n\u00e3o foi publicada ainda&#8221;.<\/p>\n\n\n\n<p class=\"wp-block-paragraph\">Como \u00e9 calculado o reajuste<br>Pela legisla\u00e7\u00e3o em vigor, o reajuste anual dos pre\u00e7os de medicamentos \u00e9 definido considerando a infla\u00e7\u00e3o, al\u00e9m de outros indicadores do setor.<\/p>\n\n\n\n<p class=\"wp-block-paragraph\">No in\u00edcio do ano, o Comit\u00ea T\u00e9cnico-Executivo da CMED decidiu definir em zero dois fatores que comp\u00f5em a f\u00f3rmula do reajuste dos pre\u00e7os dos medicamentos para este ano: o fator de produtividade (Fator X) e o fator de ajuste de pre\u00e7os relativos intrassetor (Fator Z).<\/p>\n\n\n\n<p class=\"wp-block-paragraph\">O primeiro deles, Fator X, \u00e9 estabelecido a partir da estimativa de ganhos futuros de produtividade das empresas que comp\u00f5em a ind\u00fastria farmac\u00eautica no pa\u00eds. Segundo um comunicado da Anvisa, o Fator Z tamb\u00e9m ter\u00e1 valor igual a zero, conforme preveem as regras de uma resolu\u00e7\u00e3o do comit\u00ea que estabelece os crit\u00e9rios de composi\u00e7\u00e3o de fatores para o ajuste de pre\u00e7os de f\u00e1rmacos.<br>Al\u00e9m dos fatores X e Y, entram no c\u00e1lculo o fator Y \u2013 que se refere a ajuste de pre\u00e7os relativos entre setores \u2013 e a infla\u00e7\u00e3o.<\/p>\n\n\n\n<p class=\"wp-block-paragraph\">\u201c\u00c9 importante o consumidor pesquisar nas farm\u00e1cias e drogarias as melhores ofertas dos medicamentos prescritos pelos profissionais de sa\u00fade\u201d, recomenda o presidente executivo do Sindusfarma, Nelson Mussolini. \u201cDependendo da reposi\u00e7\u00e3o de estoques e das estrat\u00e9gias comerciais dos estabelecimentos, aumentos de pre\u00e7o podem demorar meses ou nem acontecer\u201d.<\/p>","protected":false},"excerpt":{"rendered":"<p>Pela lei, a recomposi\u00e7\u00e3o anual de pre\u00e7os poder\u00e1 ser aplicada a partir desta quinta-feira (31)<\/p>","protected":false},"author":3,"featured_media":8461,"comment_status":"open","ping_status":"open","sticky":false,"template":"","format":"standard","meta":{"_crdt_document":"","footnotes":""},"categories":[4],"tags":[],"class_list":["post-8460","post","type-post","status-publish","format-standard","has-post-thumbnail","hentry","category-economia"],"brizy_media":[],"_links":{"self":[{"href":"https:\/\/jornalcorporativo.com.br\/en\/wp-json\/wp\/v2\/posts\/8460","targetHints":{"allow":["GET"]}}],"collection":[{"href":"https:\/\/jornalcorporativo.com.br\/en\/wp-json\/wp\/v2\/posts"}],"about":[{"href":"https:\/\/jornalcorporativo.com.br\/en\/wp-json\/wp\/v2\/types\/post"}],"author":[{"embeddable":true,"href":"https:\/\/jornalcorporativo.com.br\/en\/wp-json\/wp\/v2\/users\/3"}],"replies":[{"embeddable":true,"href":"https:\/\/jornalcorporativo.com.br\/en\/wp-json\/wp\/v2\/comments?post=8460"}],"version-history":[{"count":0,"href":"https:\/\/jornalcorporativo.com.br\/en\/wp-json\/wp\/v2\/posts\/8460\/revisions"}],"wp:featuredmedia":[{"embeddable":true,"href":"https:\/\/jornalcorporativo.com.br\/en\/wp-json\/wp\/v2\/media\/8461"}],"wp:attachment":[{"href":"https:\/\/jornalcorporativo.com.br\/en\/wp-json\/wp\/v2\/media?parent=8460"}],"wp:term":[{"taxonomy":"category","embeddable":true,"href":"https:\/\/jornalcorporativo.com.br\/en\/wp-json\/wp\/v2\/categories?post=8460"},{"taxonomy":"post_tag","embeddable":true,"href":"https:\/\/jornalcorporativo.com.br\/en\/wp-json\/wp\/v2\/tags?post=8460"}],"curies":[{"name":"wp","href":"https:\/\/api.w.org\/{rel}","templated":true}]}}