{"id":8479,"date":"2022-03-31T16:44:51","date_gmt":"2022-03-31T19:44:51","guid":{"rendered":"https:\/\/jornalcorporativo.com.br\/?p=8479"},"modified":"2022-03-31T16:44:54","modified_gmt":"2022-03-31T19:44:54","slug":"em-discurso-bolsonaro-defende-ditadores-militares-e-deputado-dos-atos-antidemocraticos","status":"publish","type":"post","link":"https:\/\/jornalcorporativo.com.br\/en\/politica\/em-discurso-bolsonaro-defende-ditadores-militares-e-deputado-dos-atos-antidemocraticos\/","title":{"rendered":"Em discurso, Bolsonaro defende ditadores militares e deputado dos atos antidemocr\u00e1ticos"},"content":{"rendered":"<p class=\"wp-block-paragraph\">Em um discurso no Pal\u00e1cio do Planalto, o presidente Jair Bolsonaro defendeu os presidentes da ditadura militar que governou o Brasil de 1964 a 1985. Bolsonaro n\u00e3o fez men\u00e7\u00e3o \u00e0 censura, \u00e0s torturas e \u00e0s mortes cometidas pelo regime.<\/p>\n\n\n\n<p class=\"wp-block-paragraph\">Ele tamb\u00e9m defendeu o deputado Daniel Silveira (PSL-RJ), r\u00e9u no Supremo Tribunal Federal (STF) por participar de atos antidemocr\u00e1ticos e ataques \u00e0s institui\u00e7\u00f5es.<\/p>\n\n\n\n<p class=\"wp-block-paragraph\">Bolsonaro falou durante evento de despedida de ministros que v\u00e3o deixar o governo para disputar as elei\u00e7\u00f5es em outubro.<\/p>\n\n\n\n<p class=\"wp-block-paragraph\">O presidente come\u00e7ou o seu discurso lembrando que nesta quinta \u00e9 anivers\u00e1rio do golpe militar de 1964. Bolsonaro, ao contr\u00e1rio do que registra a hist\u00f3ria, afirmou que n\u00e3o houve golpe.<br>&#8220;Hoje, 31 de mar\u00e7o. O que aconteceu em 31? Nada. A hist\u00f3ria n\u00e3o registra nenhum presidente da Rep\u00fablica tendo perdido o seu mandato nesse dia. Por que ent\u00e3o a mentira? A quem ela se presta?&#8221;, come\u00e7ou o presidente.<\/p>\n\n\n\n<p class=\"wp-block-paragraph\">Depois, omitindo a viol\u00eancia do regime, a persegui\u00e7\u00e3o a opositores e a cassa\u00e7\u00e3o de direitos individuais, disse que, na \u00e9poca, todos tinham direito de ir e vir.<\/p>\n\n\n\n<p class=\"wp-block-paragraph\">Nesse momento, ele se dirigiu a Silveira, que estava na primeira fila da plateia, ao lado de ministros. Na ter\u00e7a-feira (29), o ministro Alexandre de Moraes, do STF, mandou o parlamentar colocar a tornozeleira eletr\u00f4nica. Silveira se recusou a cumprir a medida no dia seguinte e, at\u00e9 o in\u00edcio da tarde desta quinta, ainda n\u00e3o havia obedecido. A decis\u00e3o de Moraes se baseia em um pedido da Procuradoria-Geral da Rep\u00fablica. De acordo com o ministro, o deputado vem desobedecendo medidas restritivas impostas pelo Justi\u00e7a, por isso deve usar a tornozeleira.<br>&#8220;Todos aqui tinham direito, deputado Daniel Silveira, de ir e vir, de sair do Brasil, de trabalhar, de constituir fam\u00edlia, de estudar, como muitos aqui estudaram naquela \u00e9poca&#8221;, continuou Bolsonaro.<\/p>\n\n\n\n<p class=\"wp-block-paragraph\">\u201cQuem esteve no governo naquela \u00e9poca fez a sua parte. O que seria do Brasil sem obras do governo militar? N\u00e3o seria nada, ser\u00edamos uma republiqueta\u201d, completou.<\/p>\n\n\n\n<p class=\"wp-block-paragraph\">Ataques a ministros do STF<br>Bolsonaro aproveitou o discurso para voltar a fazer ataques a ministros do STF. Nos \u00faltimos anos, o presidente protagonizou momentos de severa crise institucional com o Judici\u00e1rio ao subir o tom em declara\u00e7\u00f5es sobre os ministros.<\/p>","protected":false},"excerpt":{"rendered":"<p>Presidente elogiou obras dos presidentes militares, mas omitiu censura, torturas e assassinatos da ditadura<\/p>","protected":false},"author":3,"featured_media":8480,"comment_status":"open","ping_status":"open","sticky":false,"template":"","format":"standard","meta":{"_crdt_document":"","footnotes":""},"categories":[7],"tags":[],"class_list":["post-8479","post","type-post","status-publish","format-standard","has-post-thumbnail","hentry","category-politica"],"brizy_media":[],"_links":{"self":[{"href":"https:\/\/jornalcorporativo.com.br\/en\/wp-json\/wp\/v2\/posts\/8479","targetHints":{"allow":["GET"]}}],"collection":[{"href":"https:\/\/jornalcorporativo.com.br\/en\/wp-json\/wp\/v2\/posts"}],"about":[{"href":"https:\/\/jornalcorporativo.com.br\/en\/wp-json\/wp\/v2\/types\/post"}],"author":[{"embeddable":true,"href":"https:\/\/jornalcorporativo.com.br\/en\/wp-json\/wp\/v2\/users\/3"}],"replies":[{"embeddable":true,"href":"https:\/\/jornalcorporativo.com.br\/en\/wp-json\/wp\/v2\/comments?post=8479"}],"version-history":[{"count":0,"href":"https:\/\/jornalcorporativo.com.br\/en\/wp-json\/wp\/v2\/posts\/8479\/revisions"}],"wp:featuredmedia":[{"embeddable":true,"href":"https:\/\/jornalcorporativo.com.br\/en\/wp-json\/wp\/v2\/media\/8480"}],"wp:attachment":[{"href":"https:\/\/jornalcorporativo.com.br\/en\/wp-json\/wp\/v2\/media?parent=8479"}],"wp:term":[{"taxonomy":"category","embeddable":true,"href":"https:\/\/jornalcorporativo.com.br\/en\/wp-json\/wp\/v2\/categories?post=8479"},{"taxonomy":"post_tag","embeddable":true,"href":"https:\/\/jornalcorporativo.com.br\/en\/wp-json\/wp\/v2\/tags?post=8479"}],"curies":[{"name":"wp","href":"https:\/\/api.w.org\/{rel}","templated":true}]}}