{"id":8624,"date":"2022-04-08T14:49:02","date_gmt":"2022-04-08T17:49:02","guid":{"rendered":"https:\/\/jornalcorporativo.com.br\/?p=8624"},"modified":"2022-04-08T14:49:06","modified_gmt":"2022-04-08T17:49:06","slug":"guardiola-diz-que-ficaria-no-city-para-sempre-e-nega-chance-de-treinar-o-brasil-hoje-nao","status":"publish","type":"post","link":"https:\/\/jornalcorporativo.com.br\/en\/esportes\/guardiola-diz-que-ficaria-no-city-para-sempre-e-nega-chance-de-treinar-o-brasil-hoje-nao\/","title":{"rendered":"Guardiola diz que ficaria no City para sempre e nega chance de treinar o Brasil: &#8220;Hoje n\u00e3o&#8221;"},"content":{"rendered":"<p class=\"wp-block-paragraph\">&#8220;Hoje n\u00e3o&#8221;. Foi assim que Pep Guardiola respondeu ao ser questionado sobre a chance de treinar a sele\u00e7\u00e3o brasileira, possibilidade trazida \u00e0 tona pelo jornal &#8220;Marca&#8221; nesta semana. Em entrevista coletiva nesta sexta, o comandante do Manchester City aproveitou para fazer uma declara\u00e7\u00e3o a seu atual clube, dizendo que poderia permanecer por l\u00e1 at\u00e9 o fim da carreira.<\/p>\n\n\n\n<p class=\"wp-block-paragraph\">Hoje n\u00e3o\u2026 Estou sob contrato aqui, estou muito feliz. Estou disposto a ficar para sempre aqui. Eu renovaria o contrato por dez anos, mas agora n\u00e3o \u00e9 o momento. N\u00e3o sei onde veio.&#8221; \u2014 Pep Guardiola sobre chance de treinar a sele\u00e7\u00e3o brasileira.<\/p>\n\n\n\n<p class=\"wp-block-paragraph\">Tema de perguntas na entrevista coletiva de J\u00fcrgen Klopp dois dias antes do duelo entre Manchester City e Liverpool, Pep Guardiola foi chamado pelo colega de &#8220;melhor treinador do mundo&#8221;.<\/p>\n\n\n\n<ul class=\"wp-block-list\"><li>Pep \u00e9 o melhor t\u00e9cnico do mundo. Acho que todos concordamos sobre isso. Deve ser uma coincid\u00eancia que ainda n\u00e3o tenha dado certo na Champions League, mas as coisas que ele venceu, o futebol que ele joga, se algu\u00e9m duvida dele, n\u00e3o tenho ideia do que acontece. Todos pensamos muito, e \u00e9 a raz\u00e3o pela qual cometemos erros \u00e0s vezes, e \u00e0s vezes achamos a solu\u00e7\u00e3o certa &#8211; afirmou.<\/li><\/ul>\n\n\n\n<p class=\"wp-block-paragraph\">E, falando com os jornalistas minutos depois, o espanhol foi questionado sobre os elogios feitos pelo alem\u00e3o &#8211; e recusou o status dado pelo rival deste domingo.<\/p>\n\n\n\n<ul class=\"wp-block-list\"><li>Eu n\u00e3o me tornei treinador para ser melhor. N\u00e3o sou. Muito obrigado, mas n\u00e3o sou. Eu gostaria de dizer que sou o melhor, mas n\u00e3o sou &#8211; disse Pep.<\/li><\/ul>\n\n\n\n<p class=\"wp-block-paragraph\">Apesar de discordar de Klopp na sua pr\u00f3pria avalia\u00e7\u00e3o, Guardiola concordou com o treinador do Liverpool em outro tema abordado na v\u00e9spera do confronto direto. Na opini\u00e3o de Pep, assim como na do alem\u00e3o, o duelo no City of Manchester apesar de valer a lideran\u00e7a da Premier League, n\u00e3o ser\u00e1 definitivo para a disputa do t\u00edtulo ingl\u00eas.<\/p>\n\n\n\n<ul class=\"wp-block-list\"><li>Ser\u00e3o tr\u00eas pontos extremamente importantes, mas continua havendo sete jogos restantes. Mas \u00e9 importante? Claro que \u00e9.<\/li><\/ul>\n\n\n\n<p class=\"wp-block-paragraph\">Dominante em todas as ligas em que trabalhou e considerado um dos maiores treinadores da hist\u00f3ria, Pep Guardiola costuma enfrentar algumas cr\u00edticas de &#8220;excesso de pensamento&#8221; pelo desempenho em alguns jogos decisivos, como na Liga dos Campe\u00f5es.<\/p>","protected":false},"excerpt":{"rendered":"<p>Treinador Guardiola \u00e9 perguntado sobre poss\u00edvel interesse da CBF em sua contrata\u00e7\u00e3o e diz n\u00e3o saber &#8220;de onde veio&#8221;<\/p>","protected":false},"author":3,"featured_media":8625,"comment_status":"open","ping_status":"open","sticky":false,"template":"","format":"standard","meta":{"_crdt_document":"","footnotes":""},"categories":[6],"tags":[],"class_list":["post-8624","post","type-post","status-publish","format-standard","has-post-thumbnail","hentry","category-esportes"],"brizy_media":[],"_links":{"self":[{"href":"https:\/\/jornalcorporativo.com.br\/en\/wp-json\/wp\/v2\/posts\/8624","targetHints":{"allow":["GET"]}}],"collection":[{"href":"https:\/\/jornalcorporativo.com.br\/en\/wp-json\/wp\/v2\/posts"}],"about":[{"href":"https:\/\/jornalcorporativo.com.br\/en\/wp-json\/wp\/v2\/types\/post"}],"author":[{"embeddable":true,"href":"https:\/\/jornalcorporativo.com.br\/en\/wp-json\/wp\/v2\/users\/3"}],"replies":[{"embeddable":true,"href":"https:\/\/jornalcorporativo.com.br\/en\/wp-json\/wp\/v2\/comments?post=8624"}],"version-history":[{"count":0,"href":"https:\/\/jornalcorporativo.com.br\/en\/wp-json\/wp\/v2\/posts\/8624\/revisions"}],"wp:featuredmedia":[{"embeddable":true,"href":"https:\/\/jornalcorporativo.com.br\/en\/wp-json\/wp\/v2\/media\/8625"}],"wp:attachment":[{"href":"https:\/\/jornalcorporativo.com.br\/en\/wp-json\/wp\/v2\/media?parent=8624"}],"wp:term":[{"taxonomy":"category","embeddable":true,"href":"https:\/\/jornalcorporativo.com.br\/en\/wp-json\/wp\/v2\/categories?post=8624"},{"taxonomy":"post_tag","embeddable":true,"href":"https:\/\/jornalcorporativo.com.br\/en\/wp-json\/wp\/v2\/tags?post=8624"}],"curies":[{"name":"wp","href":"https:\/\/api.w.org\/{rel}","templated":true}]}}