{"id":8739,"date":"2022-04-14T14:49:53","date_gmt":"2022-04-14T17:49:53","guid":{"rendered":"https:\/\/jornalcorporativo.com.br\/?p=8739"},"modified":"2022-04-14T14:49:56","modified_gmt":"2022-04-14T17:49:56","slug":"pesquisa-aponta-que-rj-pode-economizar-ate-r-37-bilhoes-com-concessoes-da-cedae","status":"publish","type":"post","link":"https:\/\/jornalcorporativo.com.br\/en\/economia\/pesquisa-aponta-que-rj-pode-economizar-ate-r-37-bilhoes-com-concessoes-da-cedae\/","title":{"rendered":"Pesquisa aponta que RJ pode economizar at\u00e9 R$ 37 bilh\u00f5es com concess\u00f5es da Cedae"},"content":{"rendered":"<p class=\"wp-block-paragraph\">Uma pesquisa feita pelo Instituto Trata Brasil apontou que o Governo do Estado do Rio de Janeiro pode economizar at\u00e9 R$ 37 bilh\u00f5es em ganhos indiretos com concess\u00f5es da Cedae, nos pr\u00f3ximos 30 anos.<\/p>\n\n\n\n<p class=\"wp-block-paragraph\">O estudo levou em considera\u00e7\u00e3o as metas com o saneamento b\u00e1sico que est\u00e3o estipuladas no contrato de concess\u00e3o das empresas respons\u00e1veis pelos blocos 1 e 4. Ao todo, 27 munic\u00edpios fazem parte dos dois blocos, onde vivem aproximadamente 10 milh\u00f5es de pessoas.<\/p>\n\n\n\n<p class=\"wp-block-paragraph\">Para chegar ao valor total que pode ser economizado, a pesquisa do Trata Brasil considerou a redu\u00e7\u00e3o de interna\u00e7\u00f5es hospitalares, novas receitas de turismo e produtividade dos trabalhadores.<\/p>\n\n\n\n<p class=\"wp-block-paragraph\">&#8220;A condi\u00e7\u00e3o inicial \u00e9 o cumprimento das metas do contrato que sejam realizados os investimentos para atender essa popula\u00e7\u00e3o que hoje n\u00e3o tem acesso a \u00e1gua (\u2026) Atendendo essas metas e investindo os recursos para chegar \u00e1gua e tratar o esgoto \u00e9 praticamente certo que esses ganhos v\u00e3o chegar \u00e0 sociedade carioca&#8221;, disse Fernando Garcia de Freitas, pesquisador do Trata Brasil.<\/p>\n\n\n\n<p class=\"wp-block-paragraph\">Economia de mais de R$ 100 milh\u00f5es na Sa\u00fade<br>S\u00f3 no setor da Sa\u00fade, o RJ pode economizar cerca de R$ 101 milh\u00f5es com os investimentos que ser\u00e3o feitos nos pr\u00f3ximos 30 anos pelas concession\u00e1rias que venceram o leil\u00e3o da Cedae.<\/p>\n\n\n\n<p class=\"wp-block-paragraph\">Para concluir todas as obras de \u00e1gua e esgoto que est\u00e3o previstas, ser\u00e1 preciso contratar 36 mil trabalhadores.<\/p>\n\n\n\n<p class=\"wp-block-paragraph\">Com menos problemas de sa\u00fade provocados pela falta de saneamento b\u00e1sico, o estudo considera que a produtividade dos trabalhadores dessa regi\u00e3o ser\u00e1 maior e representar\u00e1 um ganho de R$ 142 milh\u00f5es.<\/p>\n\n\n\n<p class=\"wp-block-paragraph\">J\u00e1 no Turismo, a despolui\u00e7\u00e3o de alguns dos principais cart\u00f5es postais do Rio, como a Baia de Guanabara, por exemplo, pode impulsionar o setor. Os respons\u00e1veis pelo estudo preveem uma receita extra de R$ 33 milh\u00f5es por ano at\u00e9 2056.<\/p>\n\n\n\n<p class=\"wp-block-paragraph\">Ag\u00eancia reguladora ter\u00e1 papel fundamental<br>Para que essas previs\u00f5es se confirmem, ser\u00e1 preciso que a Ag\u00eancia Reguladora de Energia e Saneamento B\u00e1sico do Estado do Rio de Janeiro (Agenersa) monitore com aten\u00e7\u00e3o o cumprimento dos contratos.<\/p>\n\n\n\n<p class=\"wp-block-paragraph\">Especialistas ouvidos pelo RJ2 est\u00e3o preocupados com a capacidade da ag\u00eancia cumprir o seu papel.<br>Atualmente a Agenersa conta com apenas 84 funcion\u00e1rios. Desse total, apenas 15 fiscalizam as concession\u00e1rias.<\/p>\n\n\n\n<p class=\"wp-block-paragraph\">O Governo do Estado autorizou a realiza\u00e7\u00e3o de um concurso p\u00fablico para a contrata\u00e7\u00e3o de mais 50 trabalhadores, n\u00famero que ainda n\u00e3o \u00e9 considerado suficiente para a fun\u00e7\u00e3o.<\/p>\n\n\n\n<p class=\"wp-block-paragraph\">Al\u00e9m do n\u00famero inadequado para a fiscaliza\u00e7\u00e3o, os especialistas ainda alertaram para a presen\u00e7a do delegado de pol\u00edcia Rafael Carvalho de Menezes, como presidente da Agenersa. Segundo os entrevistados, ele n\u00e3o tem experi\u00eancia no setor.<br>&#8220;O problema \u00e9 que a ag\u00eancia n\u00e3o est\u00e1 preparada tecnicamente e nem com capacidade de funcionamento para regular esses novos processos de concess\u00e3o&#8221;, comentou Lu\u00eds Edmundo Horta, especialista em recursos h\u00eddricos.<\/p>","protected":false},"excerpt":{"rendered":"<p>Estudo do Instituto Trata Brasil analisou os investimentos que ser\u00e3o feitos nos pr\u00f3ximos 30 anos<\/p>","protected":false},"author":3,"featured_media":8740,"comment_status":"open","ping_status":"open","sticky":false,"template":"","format":"standard","meta":{"_crdt_document":"","footnotes":""},"categories":[4],"tags":[],"class_list":["post-8739","post","type-post","status-publish","format-standard","has-post-thumbnail","hentry","category-economia"],"brizy_media":[],"_links":{"self":[{"href":"https:\/\/jornalcorporativo.com.br\/en\/wp-json\/wp\/v2\/posts\/8739","targetHints":{"allow":["GET"]}}],"collection":[{"href":"https:\/\/jornalcorporativo.com.br\/en\/wp-json\/wp\/v2\/posts"}],"about":[{"href":"https:\/\/jornalcorporativo.com.br\/en\/wp-json\/wp\/v2\/types\/post"}],"author":[{"embeddable":true,"href":"https:\/\/jornalcorporativo.com.br\/en\/wp-json\/wp\/v2\/users\/3"}],"replies":[{"embeddable":true,"href":"https:\/\/jornalcorporativo.com.br\/en\/wp-json\/wp\/v2\/comments?post=8739"}],"version-history":[{"count":0,"href":"https:\/\/jornalcorporativo.com.br\/en\/wp-json\/wp\/v2\/posts\/8739\/revisions"}],"wp:featuredmedia":[{"embeddable":true,"href":"https:\/\/jornalcorporativo.com.br\/en\/wp-json\/wp\/v2\/media\/8740"}],"wp:attachment":[{"href":"https:\/\/jornalcorporativo.com.br\/en\/wp-json\/wp\/v2\/media?parent=8739"}],"wp:term":[{"taxonomy":"category","embeddable":true,"href":"https:\/\/jornalcorporativo.com.br\/en\/wp-json\/wp\/v2\/categories?post=8739"},{"taxonomy":"post_tag","embeddable":true,"href":"https:\/\/jornalcorporativo.com.br\/en\/wp-json\/wp\/v2\/tags?post=8739"}],"curies":[{"name":"wp","href":"https:\/\/api.w.org\/{rel}","templated":true}]}}