{"id":8975,"date":"2022-04-28T14:57:10","date_gmt":"2022-04-28T17:57:10","guid":{"rendered":"https:\/\/jornalcorporativo.com.br\/?p=8975"},"modified":"2022-04-28T14:57:13","modified_gmt":"2022-04-28T17:57:13","slug":"novas-regras-de-transito-entram-em-vigor-no-brasil-neste-mes-apos-mudanca-em-lei","status":"publish","type":"post","link":"https:\/\/jornalcorporativo.com.br\/en\/brasil\/novas-regras-de-transito-entram-em-vigor-no-brasil-neste-mes-apos-mudanca-em-lei\/","title":{"rendered":"Novas regras de tr\u00e2nsito entram em vigor no Brasil neste m\u00eas, ap\u00f3s mudan\u00e7a em lei"},"content":{"rendered":"<p class=\"wp-block-paragraph\">Novas regras de tr\u00e2nsito passam a valer no Brasil neste m\u00eas de abril. Elas s\u00e3o resultado da Lei n\u00ba 14.229\/2021, publicada em outubro de 2021, e que traz altera\u00e7\u00f5es no C\u00f3digo de Tr\u00e2nsito Brasileiro. As altera\u00e7\u00f5es est\u00e3o sendo gradativamente implementadas no pa\u00eds.<\/p>\n\n\n\n<p class=\"wp-block-paragraph\">Algumas normas entraram em vigor imediatamente e outras ser\u00e3o aplicadas a partir de 1\u00ba de janeiro do ano que vem. As demais come\u00e7aram a valer 180 dias ap\u00f3s a publica\u00e7\u00e3o da norma, ou seja, neste m\u00eas.<\/p>\n\n\n\n<p class=\"wp-block-paragraph\">Elas tratam de temas como multas por excesso de peso, san\u00e7\u00f5es para empresas e mudan\u00e7as no processo de suspens\u00e3o e cassa\u00e7\u00e3o da Carteira Nacional de Habilita\u00e7\u00e3o (CNH). Outro trecho deixa expl\u00edcita a compet\u00eancia da Pol\u00edcia Rodovi\u00e1ria Federal para &#8220;realizar per\u00edcia administrativa nos locais de acidentes de tr\u00e2nsito&#8221;.<br>Aplica\u00e7\u00e3o das multas por excesso de peso<br>A infra\u00e7\u00e3o por excesso de peso, aplicada aos transportes de carga, foi flexibilizada com a mudan\u00e7a do artigo 99 do C\u00f3digo de Tr\u00e2nsito Brasileiro. A nova lei acrescenta trechos que regulamentam a aplica\u00e7\u00e3o de multas relacionadas \u00e0 infra\u00e7\u00e3o.<br>&#8220;Somente poder\u00e1 haver autua\u00e7\u00e3o, por ocasi\u00e3o da pesagem do ve\u00edculo, quando o ve\u00edculo ou a combina\u00e7\u00e3o de ve\u00edculos ultrapassar os limites de peso fixados, acrescidos da respectiva toler\u00e2ncia&#8221;, diz o novo texto.<\/p>\n\n\n\n<p class=\"wp-block-paragraph\">Multa fixa para pessoa jur\u00eddica<br>Outra mudan\u00e7a determina que empresas que possuem ve\u00edculos dever\u00e3o pagar mais pelas multas que receberem quando n\u00e3o houver indica\u00e7\u00e3o de condutor infrator.<br>O novo texto diz que, &#8220;se o infrator n\u00e3o tiver sido identificado, e o ve\u00edculo for de propriedade de pessoa jur\u00eddica, ser\u00e1 lavrada nova multa ao propriet\u00e1rio do ve\u00edculo, mantida a originada pela infra\u00e7\u00e3o, cujo valor ser\u00e1 igual a duas vezes o da multa origin\u00e1ria, garantidos o direito de defesa pr\u00e9via e de interposi\u00e7\u00e3o de recursos na forma estabelecida pelo Contran&#8221;.<\/p>\n\n\n\n<p class=\"wp-block-paragraph\">Efeito suspensivo obrigat\u00f3rio<br>Durante processos de suspens\u00e3o ou cassa\u00e7\u00e3o, o motorista n\u00e3o poder\u00e1 ter a CNH bloqueada, nem ser impedido de fazer a renova\u00e7\u00e3o do documento, caso esteja em tempo. Esse efeito suspensivo da penalidade j\u00e1 existia, mas ocorria somente se o condutor solicitasse.<br>De acordo com a nova lei, no decorrer de um processo administrativo, as penalidades referentes a ele ter\u00e3o seus efeitos e consequ\u00eancias suspensos. Dessa forma, enquanto o procedimento n\u00e3o for finalizado, n\u00e3o haver\u00e1 penaliza\u00e7\u00e3o do motorista.<\/p>","protected":false},"excerpt":{"rendered":"<p>Norma publicada em outubro de 2021 fez altera\u00e7\u00f5es que est\u00e3o sendo gradativamente implementadas ao C\u00f3digo de Tr\u00e2nsito<\/p>","protected":false},"author":3,"featured_media":8976,"comment_status":"open","ping_status":"open","sticky":false,"template":"","format":"standard","meta":{"_crdt_document":"","footnotes":""},"categories":[36],"tags":[],"class_list":["post-8975","post","type-post","status-publish","format-standard","has-post-thumbnail","hentry","category-brasil"],"brizy_media":[],"_links":{"self":[{"href":"https:\/\/jornalcorporativo.com.br\/en\/wp-json\/wp\/v2\/posts\/8975","targetHints":{"allow":["GET"]}}],"collection":[{"href":"https:\/\/jornalcorporativo.com.br\/en\/wp-json\/wp\/v2\/posts"}],"about":[{"href":"https:\/\/jornalcorporativo.com.br\/en\/wp-json\/wp\/v2\/types\/post"}],"author":[{"embeddable":true,"href":"https:\/\/jornalcorporativo.com.br\/en\/wp-json\/wp\/v2\/users\/3"}],"replies":[{"embeddable":true,"href":"https:\/\/jornalcorporativo.com.br\/en\/wp-json\/wp\/v2\/comments?post=8975"}],"version-history":[{"count":0,"href":"https:\/\/jornalcorporativo.com.br\/en\/wp-json\/wp\/v2\/posts\/8975\/revisions"}],"wp:featuredmedia":[{"embeddable":true,"href":"https:\/\/jornalcorporativo.com.br\/en\/wp-json\/wp\/v2\/media\/8976"}],"wp:attachment":[{"href":"https:\/\/jornalcorporativo.com.br\/en\/wp-json\/wp\/v2\/media?parent=8975"}],"wp:term":[{"taxonomy":"category","embeddable":true,"href":"https:\/\/jornalcorporativo.com.br\/en\/wp-json\/wp\/v2\/categories?post=8975"},{"taxonomy":"post_tag","embeddable":true,"href":"https:\/\/jornalcorporativo.com.br\/en\/wp-json\/wp\/v2\/tags?post=8975"}],"curies":[{"name":"wp","href":"https:\/\/api.w.org\/{rel}","templated":true}]}}