{"id":8979,"date":"2022-04-28T15:01:29","date_gmt":"2022-04-28T18:01:29","guid":{"rendered":"https:\/\/jornalcorporativo.com.br\/?p=8979"},"modified":"2022-04-28T15:01:32","modified_gmt":"2022-04-28T18:01:32","slug":"apos-indulto-qg-da-reeleicao-teme-desgastes-a-campanha-com-libera-geral-de-bolsonaro","status":"publish","type":"post","link":"https:\/\/jornalcorporativo.com.br\/en\/politica\/apos-indulto-qg-da-reeleicao-teme-desgastes-a-campanha-com-libera-geral-de-bolsonaro\/","title":{"rendered":"Ap\u00f3s indulto, QG da reelei\u00e7\u00e3o teme desgastes \u00e0 campanha com \u2018libera geral\u2019 de Bolsonaro"},"content":{"rendered":"<p class=\"wp-block-paragraph\">O QG da reelei\u00e7\u00e3o do presidente Jair Bolsonaro (PL) predominantemente formado por lideran\u00e7as do Centr\u00e3o, n\u00e3o foi consultado sobre o indulto do presidente ao deputado Daniel Silveira (PTB-RJ), mas atuou no \u201cp\u00f3s\u201d: pediu ao presidente que n\u00e3o \u201clibere geral\u201d com medidas que possam, por exemplo, ampliar o embate com o Supremo Tribunal Federal, como anistiar de crimes aliados chamados de ideol\u00f3gicos como o blogueiro Allan dos Santos, o ex-deputado Roberto Jefferson (PTB-RJ) e Z\u00e9 Trov\u00e3o, um dos l\u00edderes dos caminhoneiros \u2013 todos alvos de investiga\u00e7\u00e3o na corte.<\/p>\n\n\n\n<p class=\"wp-block-paragraph\">Um dos principais estrategistas da campanha de Bolsonaro explicou a preocupa\u00e7\u00e3o do QG da reelei\u00e7\u00e3o: o presidente, apesar de n\u00e3o ter consultado seus aliados pol\u00edticos a respeito do indulto a Silveira, \u201cganhou o jogo com o Supremo, ao conceder o indulto\u201d, mas pedem cautela. Avaliam que Bolsonaro n\u00e3o pode \u201cficar arrogante\u201d e achar que \u201cpode tudo e liberar geral\u201d em medidas como estender um benef\u00edcio de anistia a aliados investigados, pois isso poderia ter impactos para a campanha com desgastes junto ao voto do eleitor de centro.<\/p>\n\n\n\n<p class=\"wp-block-paragraph\">Por isso, argumenta esse aliado de Bolsonaro, o presidente precisa parar no indulto a Silveira e evitar ficar confort\u00e1vel o suficiente para seguir escalando em produ\u00e7\u00f5es de crises com outros Poderes em prol de seus aliados, amigos e familiares \u2013 o que pode ser entendido pelo eleitor como \u201cprivil\u00e9gio\u201d e benef\u00edcio aos \u201cprotegidos\u201d do presidente da Rep\u00fablica, al\u00e9m de afastar o eleitor do centro que quer modera\u00e7\u00e3o e recha\u00e7a o estilo b\u00e9lico do presidente na rela\u00e7\u00e3o com outros poderes, gerando instabilidade democr\u00e1tica.<\/p>\n\n\n\n<p class=\"wp-block-paragraph\">Bolsonaro est\u00e1 mais \u00e0 vontade nas \u00faltimas semanas porque 1) tem comemorado as pesquisas que mostram que a dist\u00e2ncia para o ex-presidente Lula diminuiu 2) acha que a nota do ministro Barroso, do STF, ajudou a refor\u00e7ar a divis\u00e3o no STF, que n\u00e3o querem embates com as For\u00e7as Armadas, al\u00e9m de unir militares da reserva e da ativa.<\/p>","protected":false},"excerpt":{"rendered":"<p>Fontes temem que o presidente estenda benef\u00edcio a outros aliados, por avaliarem que isso afastaria o eleitor de centro<\/p>","protected":false},"author":3,"featured_media":8980,"comment_status":"open","ping_status":"open","sticky":false,"template":"","format":"standard","meta":{"_crdt_document":"","footnotes":""},"categories":[7],"tags":[],"class_list":["post-8979","post","type-post","status-publish","format-standard","has-post-thumbnail","hentry","category-politica"],"brizy_media":[],"_links":{"self":[{"href":"https:\/\/jornalcorporativo.com.br\/en\/wp-json\/wp\/v2\/posts\/8979","targetHints":{"allow":["GET"]}}],"collection":[{"href":"https:\/\/jornalcorporativo.com.br\/en\/wp-json\/wp\/v2\/posts"}],"about":[{"href":"https:\/\/jornalcorporativo.com.br\/en\/wp-json\/wp\/v2\/types\/post"}],"author":[{"embeddable":true,"href":"https:\/\/jornalcorporativo.com.br\/en\/wp-json\/wp\/v2\/users\/3"}],"replies":[{"embeddable":true,"href":"https:\/\/jornalcorporativo.com.br\/en\/wp-json\/wp\/v2\/comments?post=8979"}],"version-history":[{"count":0,"href":"https:\/\/jornalcorporativo.com.br\/en\/wp-json\/wp\/v2\/posts\/8979\/revisions"}],"wp:featuredmedia":[{"embeddable":true,"href":"https:\/\/jornalcorporativo.com.br\/en\/wp-json\/wp\/v2\/media\/8980"}],"wp:attachment":[{"href":"https:\/\/jornalcorporativo.com.br\/en\/wp-json\/wp\/v2\/media?parent=8979"}],"wp:term":[{"taxonomy":"category","embeddable":true,"href":"https:\/\/jornalcorporativo.com.br\/en\/wp-json\/wp\/v2\/categories?post=8979"},{"taxonomy":"post_tag","embeddable":true,"href":"https:\/\/jornalcorporativo.com.br\/en\/wp-json\/wp\/v2\/tags?post=8979"}],"curies":[{"name":"wp","href":"https:\/\/api.w.org\/{rel}","templated":true}]}}