{"id":8983,"date":"2022-04-28T15:09:36","date_gmt":"2022-04-28T18:09:36","guid":{"rendered":"https:\/\/jornalcorporativo.com.br\/?p=8983"},"modified":"2022-04-28T15:09:39","modified_gmt":"2022-04-28T18:09:39","slug":"1-a-cada-5-jovens-de-18-a-24-anos-usa-cigarros-eletronicos-no-brasil-aponta-pesquisa","status":"publish","type":"post","link":"https:\/\/jornalcorporativo.com.br\/en\/saude-natural\/1-a-cada-5-jovens-de-18-a-24-anos-usa-cigarros-eletronicos-no-brasil-aponta-pesquisa\/","title":{"rendered":"1 a cada 5 jovens de 18 a 24 anos usa cigarros eletr\u00f4nicos no Brasil, aponta pesquisa"},"content":{"rendered":"<p class=\"wp-block-paragraph\">Um a cada 5 jovens de 18 a 24 anos usa cigarros eletr\u00f4nicos no Brasil, aponta pesquisa divulgada nesta quarta-feira (27). O dado in\u00e9dito \u00e9 resultado de entrevistas feitas com 9 mil pessoas por telefone, em todas as regi\u00f5es do Brasil.<\/p>\n\n\n\n<p class=\"wp-block-paragraph\">O relat\u00f3rio Covitel apresenta pela primeira vez os dados referentes ao consumo dos dispositivos eletr\u00f4nicos para fumar no pa\u00eds. O \u00edndice \u00e9 de 10,1% entre os homens, contra 4,8% das mulheres. A regi\u00e3o que mais fuma cigarros eletr\u00f4nicos \u00e9 a Centro-Oeste, com 11,2% da popula\u00e7\u00e3o.<\/p>\n\n\n\n<p class=\"wp-block-paragraph\">A pesquisa tamb\u00e9m traz a taxa de experimenta\u00e7\u00e3o de narguil\u00e9 entre os brasileiros: 9,8% dizem terem consumido, contra 5% das mulheres. A faixa dos 18 aos 24 anos tamb\u00e9m \u00e9 a que mais usa \u2014 17% da popula\u00e7\u00e3o da faixa et\u00e1ria.<\/p>\n\n\n\n<p class=\"wp-block-paragraph\">Tabagismo<br>Inicialmente, uma pesquisa da Funda\u00e7\u00e3o Oswaldo Cruz (Fiocruz) chegou a apontar que um ter\u00e7o dos brasileiros aumentou a carga di\u00e1ria de cigarros durante a pandemia \u2014 mais de 30% dos homens e 38% das mulheres passaram a fumar pelo menos mais 10 cigarros. Metade da popula\u00e7\u00e3o continuou fumando a mesma quantidade.<\/p>\n\n\n\n<p class=\"wp-block-paragraph\">Agora, a Covitel fez uma compara\u00e7\u00e3o, portanto, entre o per\u00edodo pr\u00e9-pandemia e o primeiro trimestre deste ano. Segundo os dados \u2014 que n\u00e3o apontam a varia\u00e7\u00e3o da quantidade de cigarros di\u00e1ria, mas a porcentagem fumante da popula\u00e7\u00e3o \u2014 o n\u00famero de brasileiros tabagistas ficou est\u00e1vel entre um per\u00edodo e outro, passando de 14,2% para 12,2%, diferen\u00e7a percentual que est\u00e1 dentro do intervalo de confian\u00e7a da pesquisa.<\/p>\n\n\n\n<p class=\"wp-block-paragraph\">A regi\u00e3o Norte, no entanto, \u00e9 exce\u00e7\u00e3o e apresentou uma queda no n\u00famero de usu\u00e1rios: o \u00edndice passou de 12,1% antes da pandemia para 8% no primeiro trimestre deste ano.<\/p>\n\n\n\n<p class=\"wp-block-paragraph\">Sedentarismo<br>Pedro Hallal, professor da Universidade Federal de Pelotas (UFPel) e um dos coordenadores da pesquisa, chama a aten\u00e7\u00e3o para um dado que considera relevante no relat\u00f3rio: a redu\u00e7\u00e3o da pr\u00e1tica de atividade f\u00edsica na popula\u00e7\u00e3o brasileira entre um per\u00edodo e o outro.<br>Segundo ele, &#8220;o aumento da inatividade f\u00edsica no Brasil poder\u00e1 ter impactos catastr\u00f3ficos de longo prazo&#8221;, aumentando o risco de infarto, derrame, diabetes, hipertens\u00e3o e outras doen\u00e7as. A pesquisa aponta que a porcentagem de brasileiros fisicamente ativos passou de 38,6% para 30,3%.<\/p>\n\n\n\n<p class=\"wp-block-paragraph\">Al\u00e9m disso, o n\u00famero de fisicamente inativos passou de 13,1%, na pr\u00e9-pandemia, para 18,4%, no primeiro trimestre de 2022.<\/p>","protected":false},"excerpt":{"rendered":"<p>Al\u00e9m disso, dados de antes e depois da pandemia mostram que a popula\u00e7\u00e3o brasileira est\u00e1 fazendo menos atividade f\u00edsica<\/p>","protected":false},"author":3,"featured_media":8984,"comment_status":"open","ping_status":"open","sticky":false,"template":"","format":"standard","meta":{"_crdt_document":"","footnotes":""},"categories":[8],"tags":[],"class_list":["post-8983","post","type-post","status-publish","format-standard","has-post-thumbnail","hentry","category-saude-natural"],"brizy_media":[],"_links":{"self":[{"href":"https:\/\/jornalcorporativo.com.br\/en\/wp-json\/wp\/v2\/posts\/8983","targetHints":{"allow":["GET"]}}],"collection":[{"href":"https:\/\/jornalcorporativo.com.br\/en\/wp-json\/wp\/v2\/posts"}],"about":[{"href":"https:\/\/jornalcorporativo.com.br\/en\/wp-json\/wp\/v2\/types\/post"}],"author":[{"embeddable":true,"href":"https:\/\/jornalcorporativo.com.br\/en\/wp-json\/wp\/v2\/users\/3"}],"replies":[{"embeddable":true,"href":"https:\/\/jornalcorporativo.com.br\/en\/wp-json\/wp\/v2\/comments?post=8983"}],"version-history":[{"count":0,"href":"https:\/\/jornalcorporativo.com.br\/en\/wp-json\/wp\/v2\/posts\/8983\/revisions"}],"wp:featuredmedia":[{"embeddable":true,"href":"https:\/\/jornalcorporativo.com.br\/en\/wp-json\/wp\/v2\/media\/8984"}],"wp:attachment":[{"href":"https:\/\/jornalcorporativo.com.br\/en\/wp-json\/wp\/v2\/media?parent=8983"}],"wp:term":[{"taxonomy":"category","embeddable":true,"href":"https:\/\/jornalcorporativo.com.br\/en\/wp-json\/wp\/v2\/categories?post=8983"},{"taxonomy":"post_tag","embeddable":true,"href":"https:\/\/jornalcorporativo.com.br\/en\/wp-json\/wp\/v2\/tags?post=8983"}],"curies":[{"name":"wp","href":"https:\/\/api.w.org\/{rel}","templated":true}]}}