{"id":8987,"date":"2022-04-28T15:31:17","date_gmt":"2022-04-28T18:31:17","guid":{"rendered":"https:\/\/jornalcorporativo.com.br\/?p=8987"},"modified":"2022-04-28T15:31:20","modified_gmt":"2022-04-28T18:31:20","slug":"como-a-guerra-na-ucrania-pode-se-estender-para-a-transnistria","status":"publish","type":"post","link":"https:\/\/jornalcorporativo.com.br\/en\/internacional\/como-a-guerra-na-ucrania-pode-se-estender-para-a-transnistria\/","title":{"rendered":"Como a guerra na Ucr\u00e2nia pode se estender para a Transn\u00edstria?"},"content":{"rendered":"<p class=\"wp-block-paragraph\">Tr\u00eas misteriosas explos\u00f5es atingiram, nos \u00faltimos dias, alvos na Transn\u00edstria, uma regi\u00e3o separatista pr\u00f3-russa da Mold\u00e1via, na fronteira sul da Ucr\u00e2nia. Com apenas cinco mil quil\u00f4metros quadrados e 470 mil habitantes, tornou-se foco de aten\u00e7\u00e3o e pode ser sugada para a guerra que Putin promove h\u00e1 dois meses na Ucr\u00e2nia.<\/p>\n\n\n\n<p class=\"wp-block-paragraph\">A independ\u00eancia proclamada em 1992, ap\u00f3s a desintegra\u00e7\u00e3o da URSS, n\u00e3o \u00e9 oficialmente reconhecida por ningu\u00e9m, nem mesmo pela R\u00fassia, mas a regi\u00e3o atua como um estado separado.<\/p>\n\n\n\n<p class=\"wp-block-paragraph\">Preserva s\u00edmbolos sovi\u00e9ticos, como a foice e o martelo na bandeira, a est\u00e1tua de L\u00eanin na entrada do Parlamento, assim como nomes de comunistas proeminentes em suas ruas.<\/p>\n\n\n\n<p class=\"wp-block-paragraph\">Essa faixa estreita de terra tem governo, parlamento, moeda e pol\u00edcia pr\u00f3prios e \u00e9 sustentada pela R\u00fassia, que fornece g\u00e1s gratuito \u00e0 regi\u00e3o e mant\u00e9m ali 1.500 soldados \u2013 o equivalente a um ter\u00e7o de suas for\u00e7as armadas.<br>N\u00e3o fossem os la\u00e7os estreitos com Moscou, a Transn\u00edstria j\u00e1 teria sido inteiramente absorvida pela Mold\u00e1via, que se op\u00f5e claramente aos separatistas. Os ataques na regi\u00e3o atingiram uma esta\u00e7\u00e3o de r\u00e1dio, a sede do Minist\u00e9rio de Seguran\u00e7a e uma base militar, num ind\u00edcio de que a guerra restrita ao territ\u00f3rio ucraniano pode se espalhar.<br>Separatistas e autoridades ucranianas se acusam mutuamente pela responsabilidade das explos\u00f5es. A R\u00fassia j\u00e1 admitiu o plano de criar um corredor de Donbass \u00e0 Crimeia, para depois tomar o sul da Ucr\u00e2nia e garantir, assim, o acesso \u00e0 Transn\u00edstria. Mas, para assegurar o controle total do Sul, as for\u00e7as russas teriam que conquistar Mykolaiv e Odessa, que ainda est\u00e3o fortemente sob o dom\u00ednio ucraniano.<\/p>\n\n\n\n<p class=\"wp-block-paragraph\">A dist\u00e2ncia de apenas 80 quil\u00f4metros separa Chisnau, a capital da Mold\u00e1via, da Transn\u00edstria evidencia os temores sobre a extens\u00e3o do conflito. Os t\u00e3o propalados ataques de \u201cbandeira falsa\u201d poderiam facilmente servir de justificativa para uma a\u00e7\u00e3o militar russa.<\/p>","protected":false},"excerpt":{"rendered":"<p>Com apenas cinco mil quil\u00f4metros quadrados e 470 mil habitantes, tornou-se foco de aten\u00e7\u00e3o e pode ser sugada para a guerra<\/p>","protected":false},"author":3,"featured_media":8988,"comment_status":"open","ping_status":"open","sticky":false,"template":"","format":"standard","meta":{"_crdt_document":"","footnotes":""},"categories":[2],"tags":[],"class_list":["post-8987","post","type-post","status-publish","format-standard","has-post-thumbnail","hentry","category-internacional"],"brizy_media":[],"_links":{"self":[{"href":"https:\/\/jornalcorporativo.com.br\/en\/wp-json\/wp\/v2\/posts\/8987","targetHints":{"allow":["GET"]}}],"collection":[{"href":"https:\/\/jornalcorporativo.com.br\/en\/wp-json\/wp\/v2\/posts"}],"about":[{"href":"https:\/\/jornalcorporativo.com.br\/en\/wp-json\/wp\/v2\/types\/post"}],"author":[{"embeddable":true,"href":"https:\/\/jornalcorporativo.com.br\/en\/wp-json\/wp\/v2\/users\/3"}],"replies":[{"embeddable":true,"href":"https:\/\/jornalcorporativo.com.br\/en\/wp-json\/wp\/v2\/comments?post=8987"}],"version-history":[{"count":0,"href":"https:\/\/jornalcorporativo.com.br\/en\/wp-json\/wp\/v2\/posts\/8987\/revisions"}],"wp:featuredmedia":[{"embeddable":true,"href":"https:\/\/jornalcorporativo.com.br\/en\/wp-json\/wp\/v2\/media\/8988"}],"wp:attachment":[{"href":"https:\/\/jornalcorporativo.com.br\/en\/wp-json\/wp\/v2\/media?parent=8987"}],"wp:term":[{"taxonomy":"category","embeddable":true,"href":"https:\/\/jornalcorporativo.com.br\/en\/wp-json\/wp\/v2\/categories?post=8987"},{"taxonomy":"post_tag","embeddable":true,"href":"https:\/\/jornalcorporativo.com.br\/en\/wp-json\/wp\/v2\/tags?post=8987"}],"curies":[{"name":"wp","href":"https:\/\/api.w.org\/{rel}","templated":true}]}}