{"id":9007,"date":"2022-04-29T16:06:41","date_gmt":"2022-04-29T19:06:41","guid":{"rendered":"https:\/\/jornalcorporativo.com.br\/?p=9007"},"modified":"2022-04-29T16:06:44","modified_gmt":"2022-04-29T19:06:44","slug":"colica-em-bebes-como-tipo-de-parto-amamentacao-e-estresse-influenciam-nas-dores","status":"publish","type":"post","link":"https:\/\/jornalcorporativo.com.br\/en\/saude-natural\/colica-em-bebes-como-tipo-de-parto-amamentacao-e-estresse-influenciam-nas-dores\/","title":{"rendered":"C\u00f3lica em beb\u00eas: como tipo de parto, amamenta\u00e7\u00e3o e estresse influenciam nas dores"},"content":{"rendered":"<p class=\"wp-block-paragraph\">Por muito tempo, as c\u00f3licas dos beb\u00eas em fase de amamenta\u00e7\u00e3o ficaram consagradas pelo nome &#8220;regra dos 3&#8221;.<\/p>\n\n\n\n<p class=\"wp-block-paragraph\">&#8220;Era definida assim por come\u00e7ar com 3 semanas de vida, ocorrer em pelo menos 3 horas no dia, em 3 dias da semana, com dura\u00e7\u00e3o m\u00ednima de 3 semanas e m\u00e1xima de 3 meses, tudo isso em uma crian\u00e7a absolutamente saud\u00e1vel&#8221;, explica Tadeu Fernando Fernandes, pediatra do departamento Cient\u00edfico Ambulatorial da Sociedade Brasileira de Pediatria (SBP).<\/p>\n\n\n\n<p class=\"wp-block-paragraph\">A m\u00e1xima ainda \u00e9 considerada v\u00e1lida, apesar de agora a ci\u00eancia j\u00e1 ter mostrado que um per\u00edodo sutilmente mais longo ou mais curto tamb\u00e9m acontece.<\/p>\n\n\n\n<p class=\"wp-block-paragraph\">Por que beb\u00eas t\u00eam c\u00f3licas?<br>As c\u00f3licas acontecem por causa da imaturidade do sistema digestivo do beb\u00ea, que nos primeiros meses de vida ainda n\u00e3o consegue processar de forma completa os alimentos, mesmo que seja s\u00f3 o leite materno, como \u00e9 recomendado at\u00e9 os seis meses de idade.<br>&#8220;Por isso, se o nascimento for prematuro, \u00e9 comum que a ocorr\u00eancia de c\u00f3licas seja ainda maior&#8221;, diz Fernandes.<\/p>\n\n\n\n<p class=\"wp-block-paragraph\">Mas h\u00e1 tamb\u00e9m determinados fatores que podem aumentar as chances de c\u00f3lica, segundo especialistas. Alguns deles t\u00eam a ver com a microbiota intestinal, tamb\u00e9m conhecida como flora intestinal, que tem papel importante nos processos digest\u00f3rios, absor\u00e7\u00e3o de nutrientes e desenvolvimento do sistema imune.<\/p>\n\n\n\n<p class=\"wp-block-paragraph\">Tipo de parto<br>&#8220;Quando a crian\u00e7a nasce de parto normal, por passar pela vagina, entra em contato com a flora vaginal da m\u00e3e. J\u00e1 se o parto \u00e9 cesariana, j\u00e1 est\u00e1 bem comprovado cientificamente que o beb\u00ea tem mais risco de sofrer de c\u00f3licas. Isso porque o ambiente em que ele nasce \u00e9 est\u00e9ril e, sem o contato com bact\u00e9rias ben\u00e9ficas, o intestino nasce pobre em termos de microbiota&#8221;, explica Fernandes.<\/p>\n\n\n\n<p class=\"wp-block-paragraph\">Em um estudo publicado na revista cient\u00edfica Nature em 2019, cientistas analisaram amostras das fraldas de quase 600 beb\u00eas durante o primeiro m\u00eas de vida, e algumas amostras fecais de beb\u00eas durante o primeiro ano de vida. Os resultados apontam que os nascidos por parto normal recebem a maioria das bact\u00e9rias da m\u00e3e.<\/p>\n\n\n\n<p class=\"wp-block-paragraph\">Amamenta\u00e7\u00e3o<br>O leite materno, dentre todos os leites de mam\u00edferos, \u00e9 o que tem maior teor de lactose, um tipo de a\u00e7\u00facar que pode causar as c\u00f3licas durante o processo de fermenta\u00e7\u00e3o, especialmente pelo sistema digestivo ainda ser imaturo.<br>&#8220;O leite maerno tem tr\u00eas fases: uma mais aguada, depois a branca, e por fim o leite fica mais amarelado, com maior teor de prote\u00ednas e gordura. \u00c9 nessa \u00faltima que tem enzimas que quebram a lactose, importante para diminuir o desconforto para o beb\u00ea, e \u00e9 por isso que recomendamos que todo o leite de uma mama seja esvaziado antes que a m\u00e3e ofere\u00e7a o outro lado, ao contr\u00e1rio do que era sugerido antigamente&#8221;, diz o pediatra.<\/p>\n\n\n\n<p class=\"wp-block-paragraph\">Outro fator que aumenta o risco \u00e9 a alimenta\u00e7\u00e3o por f\u00f3rmula. &#8220;Enquanto o leite materno tem prebi\u00f3ticos (subst\u00e2ncias que estimulam a atividade de bact\u00e9rias no c\u00f3lon) e probi\u00f3ticos (micro-organismos vivos que contribuem para manter a microbiota intestinal saud\u00e1vel), a maioria das f\u00f3rmulas s\u00f3 cont\u00eam prebi\u00f3ticos, o que n\u00e3o auxilia tanto na digest\u00e3o&#8221;.<\/p>\n\n\n\n<p class=\"wp-block-paragraph\">H\u00e1bitos na gesta\u00e7\u00e3o<br>Entre outros fatores que podem influenciar, est\u00e3o os h\u00e1bitos da gr\u00e1vida durante a gesta\u00e7\u00e3o. Se ela toma muitos rem\u00e9dios antibi\u00f3ticos por qualquer motivo, por exemplo para curar infec\u00e7\u00e3o de urina, os medicamentos contribuem para matar as &#8220;bact\u00e9rias do bem&#8221; que povoam a flora intestinal. Por isso, \u00e9 indicado que gestantes fa\u00e7am uso desses medicamentos somente com acompanhamento m\u00e9dico.<br>&#8220;O mesmo acontece se a mulher passa muito estresse. Como o c\u00e9rebro e o intestino est\u00e3o interligados, os efeitos nocivos aparecem, e o beb\u00ea n\u00e3o &#8216;herda&#8217; uma microbiota rica&#8221;, aponta o pediatra.<\/p>\n\n\n\n<p class=\"wp-block-paragraph\">Ambiente familiar<br>Tamb\u00e9m por conta do eixo c\u00e9rebro-intestino, se a crian\u00e7a cresce em ambiente familiar estressante, seus n\u00edveis de cortisol (conhecido como o horm\u00f4nio do estresse) aumentam, podendo causar c\u00f3lica. &#8220;\u00c9 tamb\u00e9m por isso que o carinho e o aconchego dos parentes t\u00eam o poder de reduzir a incid\u00eancia da c\u00f3lica em lactantes&#8221;, comenta Fernandes.<\/p>\n\n\n\n<p class=\"wp-block-paragraph\">Al\u00e9m disso, a ang\u00fastia e ansiedade maternas podem gerar inquieta\u00e7\u00e3o no beb\u00ea, interferindo no momento da amamenta\u00e7\u00e3o. &#8220;Isso ocasiona maior ingest\u00e3o de ar durante a mamada e consequentemente mais gases, que tamb\u00e9m podem causar dor&#8221;, aponta a pediatra Caroline Peev, m\u00e9dica do Sabar\u00e1 Hospital Infantil.<\/p>","protected":false},"excerpt":{"rendered":"<p>S\u00e3o diversos fatores determinantes, por exemplo, se a crian\u00e7a cresce em ambiente familiar estressante pode causar c\u00f3lica<\/p>","protected":false},"author":3,"featured_media":9008,"comment_status":"open","ping_status":"open","sticky":false,"template":"","format":"standard","meta":{"_crdt_document":"","footnotes":""},"categories":[8],"tags":[],"class_list":["post-9007","post","type-post","status-publish","format-standard","has-post-thumbnail","hentry","category-saude-natural"],"brizy_media":[],"_links":{"self":[{"href":"https:\/\/jornalcorporativo.com.br\/en\/wp-json\/wp\/v2\/posts\/9007","targetHints":{"allow":["GET"]}}],"collection":[{"href":"https:\/\/jornalcorporativo.com.br\/en\/wp-json\/wp\/v2\/posts"}],"about":[{"href":"https:\/\/jornalcorporativo.com.br\/en\/wp-json\/wp\/v2\/types\/post"}],"author":[{"embeddable":true,"href":"https:\/\/jornalcorporativo.com.br\/en\/wp-json\/wp\/v2\/users\/3"}],"replies":[{"embeddable":true,"href":"https:\/\/jornalcorporativo.com.br\/en\/wp-json\/wp\/v2\/comments?post=9007"}],"version-history":[{"count":0,"href":"https:\/\/jornalcorporativo.com.br\/en\/wp-json\/wp\/v2\/posts\/9007\/revisions"}],"wp:featuredmedia":[{"embeddable":true,"href":"https:\/\/jornalcorporativo.com.br\/en\/wp-json\/wp\/v2\/media\/9008"}],"wp:attachment":[{"href":"https:\/\/jornalcorporativo.com.br\/en\/wp-json\/wp\/v2\/media?parent=9007"}],"wp:term":[{"taxonomy":"category","embeddable":true,"href":"https:\/\/jornalcorporativo.com.br\/en\/wp-json\/wp\/v2\/categories?post=9007"},{"taxonomy":"post_tag","embeddable":true,"href":"https:\/\/jornalcorporativo.com.br\/en\/wp-json\/wp\/v2\/tags?post=9007"}],"curies":[{"name":"wp","href":"https:\/\/api.w.org\/{rel}","templated":true}]}}