{"id":9076,"date":"2022-05-04T15:06:41","date_gmt":"2022-05-04T18:06:41","guid":{"rendered":"https:\/\/jornalcorporativo.com.br\/?p=9076"},"modified":"2022-05-04T15:06:44","modified_gmt":"2022-05-04T18:06:44","slug":"criancas-vegetarianas-e-carnivoras-tem-crescimento-e-nutricao-semelhantes","status":"publish","type":"post","link":"https:\/\/jornalcorporativo.com.br\/en\/saude-natural\/criancas-vegetarianas-e-carnivoras-tem-crescimento-e-nutricao-semelhantes\/","title":{"rendered":"Crian\u00e7as vegetarianas e carn\u00edvoras t\u00eam crescimento e nutri\u00e7\u00e3o semelhantes"},"content":{"rendered":"<p class=\"wp-block-paragraph\">Um estudo publicado na Revista Pediatrics concluiu que crian\u00e7as que t\u00eam uma alimenta\u00e7\u00e3o vegetariana tiveram crescimento e medidas nutricionais semelhantes \u00e0s das que t\u00eam uma alimenta\u00e7\u00e3o carn\u00edvora.<\/p>\n\n\n\n<p class=\"wp-block-paragraph\">Os pesquisadores tamb\u00e9m descobriram que a dieta vegetariana foi associada a maiores chances de baixo peso. Os pesquisadores do St. Michael\u2019s Hospital of Unity Health Toronto, no Canad\u00e1, analisaram dados de quase nove mil crian\u00e7as, de seis meses a oito anos, entre os anos de 2008 e 2019. Os participantes foram categorizados por status vegetariano (excluindo carne) e n\u00e3o vegetariano.<\/p>\n\n\n\n<p class=\"wp-block-paragraph\">Segundo o estudo, crian\u00e7as vegetarianas tiveram um \u00edndice de massa corporal (IMC) m\u00e9dio, altura, ferro, vitamina D e n\u00edveis de colesterol semelhantes em compara\u00e7\u00e3o com aqueles que consumiam carne. Tamb\u00e9m n\u00e3o houve evid\u00eancia de associa\u00e7\u00e3o com sobrepeso ou obesidade.<\/p>\n\n\n\n<p class=\"wp-block-paragraph\">\u201cEste estudo demonstra que crian\u00e7as canadenses vegetarianas t\u00eam o crescimento e os indicadores bioqu\u00edmicos de nutri\u00e7\u00e3o semelhantes em compara\u00e7\u00e3o com as crian\u00e7as n\u00e3o-vegetarianas\u201d, disse Jonathon Maguire, principal autor do estudo e pediatra do St. Michael\u2019s.<br>Os pesquisadores apontam a qualidade da dieta como limita\u00e7\u00e3o do estudo. Eles enfatizaram que \u00e9 importante o acompanhamento com profissionais da sa\u00fade para monitorar o crescimento e nutri\u00e7\u00e3o dos pequenos.<\/p>\n\n\n\n<p class=\"wp-block-paragraph\">\u201cA dieta vegetariana foi associada a maiores chances de status de baixo peso, ressaltando a necessidade de um planejamento alimentar cuidadoso para crian\u00e7as com baixo peso ao considerar dietas vegetarianas\u201d, alertou Maguire.<\/p>\n\n\n\n<p class=\"wp-block-paragraph\">Crian\u00e7a pode ser vegetariana?<br>Quanto maior a variedade dos grupos alimentares que crian\u00e7as e adolescentes consomem, menor o risco de desenvolverem defici\u00eancias nutricionais que ir\u00e3o interferir em seu desenvolvimento. Desde que seja bem balanceada, uma dieta vegetariana pode promover o crescimento adequado.<\/p>\n\n\n\n<p class=\"wp-block-paragraph\">Contudo, \u00e9 preciso modera\u00e7\u00e3o e pondera\u00e7\u00e3o na hora de se adotar qualquer dieta restritiva na inf\u00e2ncia.<br>O alerta \u00e9 da Sociedade Brasileira de Pediatria (SBP), que segue as diretrizes da Associa\u00e7\u00e3o Diet\u00e9tica Americana (ADA), Academia Americana de Pediatria (AAP) e Sociedade Canadense de Pediatria (SCP) sobre vegetarianismo infantil.<\/p>","protected":false},"excerpt":{"rendered":"<p>Segundo pesquisadores, dieta vegetariana foi associada a maiores chances de baixo peso. Estudo analisou quase 9 mil crian\u00e7as<\/p>","protected":false},"author":3,"featured_media":9077,"comment_status":"open","ping_status":"open","sticky":false,"template":"","format":"standard","meta":{"_crdt_document":"","footnotes":""},"categories":[8],"tags":[],"class_list":["post-9076","post","type-post","status-publish","format-standard","has-post-thumbnail","hentry","category-saude-natural"],"brizy_media":[],"_links":{"self":[{"href":"https:\/\/jornalcorporativo.com.br\/en\/wp-json\/wp\/v2\/posts\/9076","targetHints":{"allow":["GET"]}}],"collection":[{"href":"https:\/\/jornalcorporativo.com.br\/en\/wp-json\/wp\/v2\/posts"}],"about":[{"href":"https:\/\/jornalcorporativo.com.br\/en\/wp-json\/wp\/v2\/types\/post"}],"author":[{"embeddable":true,"href":"https:\/\/jornalcorporativo.com.br\/en\/wp-json\/wp\/v2\/users\/3"}],"replies":[{"embeddable":true,"href":"https:\/\/jornalcorporativo.com.br\/en\/wp-json\/wp\/v2\/comments?post=9076"}],"version-history":[{"count":0,"href":"https:\/\/jornalcorporativo.com.br\/en\/wp-json\/wp\/v2\/posts\/9076\/revisions"}],"wp:featuredmedia":[{"embeddable":true,"href":"https:\/\/jornalcorporativo.com.br\/en\/wp-json\/wp\/v2\/media\/9077"}],"wp:attachment":[{"href":"https:\/\/jornalcorporativo.com.br\/en\/wp-json\/wp\/v2\/media?parent=9076"}],"wp:term":[{"taxonomy":"category","embeddable":true,"href":"https:\/\/jornalcorporativo.com.br\/en\/wp-json\/wp\/v2\/categories?post=9076"},{"taxonomy":"post_tag","embeddable":true,"href":"https:\/\/jornalcorporativo.com.br\/en\/wp-json\/wp\/v2\/tags?post=9076"}],"curies":[{"name":"wp","href":"https:\/\/api.w.org\/{rel}","templated":true}]}}