{"id":9080,"date":"2022-05-04T15:07:17","date_gmt":"2022-05-04T18:07:17","guid":{"rendered":"https:\/\/jornalcorporativo.com.br\/?p=9080"},"modified":"2022-05-04T15:07:20","modified_gmt":"2022-05-04T18:07:20","slug":"tse-insistira-em-trazer-observadores-europeus-para-acompanhar-eleicoes-de-outubro","status":"publish","type":"post","link":"https:\/\/jornalcorporativo.com.br\/en\/politica\/tse-insistira-em-trazer-observadores-europeus-para-acompanhar-eleicoes-de-outubro\/","title":{"rendered":"TSE insistir\u00e1 em trazer observadores europeus para acompanhar elei\u00e7\u00f5es de outubro"},"content":{"rendered":"<p class=\"wp-block-paragraph\">Fontes no Tribunal Superior Eleitoral informaram nesta quarta-feira (4) que o comando do TSE n\u00e3o desistiu de trazer ao Brasil observadores da Uni\u00e3o Europeia para acompanhar as elei\u00e7\u00f5es de outubro.<br>O movimento do TSE de voltar a buscar a participa\u00e7\u00e3o da Uni\u00e3o Europeia, assim como de outras organiza\u00e7\u00f5es j\u00e1 confirmadas como observadores, vem depois de press\u00f5es do governo para evitar a miss\u00e3o de acompanhamento que representa pa\u00edses europeus.<\/p>\n\n\n\n<p class=\"wp-block-paragraph\">Os magistrados do TSE acreditam que, quanto mais institui\u00e7\u00f5es acompanharem as elei\u00e7\u00f5es brasileiras, maiores as garantias de que o pleito ir\u00e1 ocorrer dentro da normalidade democr\u00e1tica.<br>Bolsonaro voltou a dar declara\u00e7\u00f5es recentemente questionando a lisura do processo eleitoral e das urnas eletr\u00f4nicas. O presidente chegou a sugerir que as For\u00e7as Armadas pudessem fazer uma apura\u00e7\u00e3o paralela dos votos, o que n\u00e3o tem lastro na Constitui\u00e7\u00e3o.<br>O TSE divulgou uma nota afirmando que conversas preliminares com representantes da Uni\u00e3o Europeia indicaram que n\u00e3o havia inicialmente como viabilizar uma miss\u00e3o integral de observa\u00e7\u00e3o eleitoral, com dezenas de t\u00e9cnicos. O que os ministros querem insistir, contudo, \u00e9 numa presen\u00e7a menor, de car\u00e1ter t\u00e9cnico.<br>O presidente do TSE, ministro Luiz Edson Fachin, refor\u00e7ou que \u00e9 bom para a democracia brasileira e para o processo eleitoral no Brasil n\u00e3o s\u00f3 acompanhar pleitos em outros pa\u00edses, como tem sido feito, como receber observadores. A presen\u00e7a internacional ajuda a demonstrar a lisura e regularidade do processo eleitoral.<br>Segundo o TSE, est\u00e3o confirmadas as presen\u00e7as de representantes das seguintes organiza\u00e7\u00f5es:<br>Organiza\u00e7\u00e3o dos Estados Americanos (OEA), que j\u00e1 enviaram observadores em elei\u00e7\u00f5es anteriores;<br>Parlamento do Mercosul (Parlasul);<br>Rede Eleitoral da Comunidade dos Pa\u00edses de L\u00edngua Portuguesa (CPLP).<\/p>","protected":false},"excerpt":{"rendered":"<p>Bolsonaro voltou a dar declara\u00e7\u00f5es recentemente questionando a lisura do processo eleitoral e das urnas eletr\u00f4nicas<\/p>","protected":false},"author":3,"featured_media":9081,"comment_status":"open","ping_status":"open","sticky":false,"template":"","format":"standard","meta":{"_crdt_document":"","footnotes":""},"categories":[7],"tags":[],"class_list":["post-9080","post","type-post","status-publish","format-standard","has-post-thumbnail","hentry","category-politica"],"brizy_media":[],"_links":{"self":[{"href":"https:\/\/jornalcorporativo.com.br\/en\/wp-json\/wp\/v2\/posts\/9080","targetHints":{"allow":["GET"]}}],"collection":[{"href":"https:\/\/jornalcorporativo.com.br\/en\/wp-json\/wp\/v2\/posts"}],"about":[{"href":"https:\/\/jornalcorporativo.com.br\/en\/wp-json\/wp\/v2\/types\/post"}],"author":[{"embeddable":true,"href":"https:\/\/jornalcorporativo.com.br\/en\/wp-json\/wp\/v2\/users\/3"}],"replies":[{"embeddable":true,"href":"https:\/\/jornalcorporativo.com.br\/en\/wp-json\/wp\/v2\/comments?post=9080"}],"version-history":[{"count":0,"href":"https:\/\/jornalcorporativo.com.br\/en\/wp-json\/wp\/v2\/posts\/9080\/revisions"}],"wp:featuredmedia":[{"embeddable":true,"href":"https:\/\/jornalcorporativo.com.br\/en\/wp-json\/wp\/v2\/media\/9081"}],"wp:attachment":[{"href":"https:\/\/jornalcorporativo.com.br\/en\/wp-json\/wp\/v2\/media?parent=9080"}],"wp:term":[{"taxonomy":"category","embeddable":true,"href":"https:\/\/jornalcorporativo.com.br\/en\/wp-json\/wp\/v2\/categories?post=9080"},{"taxonomy":"post_tag","embeddable":true,"href":"https:\/\/jornalcorporativo.com.br\/en\/wp-json\/wp\/v2\/tags?post=9080"}],"curies":[{"name":"wp","href":"https:\/\/api.w.org\/{rel}","templated":true}]}}