{"id":9084,"date":"2022-05-04T15:27:17","date_gmt":"2022-05-04T18:27:17","guid":{"rendered":"https:\/\/jornalcorporativo.com.br\/?p=9084"},"modified":"2022-05-04T15:27:20","modified_gmt":"2022-05-04T18:27:20","slug":"lei-henry-borel-camara-aprova-tornar-crime-hediondo-homicidio-de-crianca-e-adolescente","status":"publish","type":"post","link":"https:\/\/jornalcorporativo.com.br\/en\/brasil\/lei-henry-borel-camara-aprova-tornar-crime-hediondo-homicidio-de-crianca-e-adolescente\/","title":{"rendered":"Lei Henry Borel: C\u00e2mara aprova tornar crime hediondo homic\u00eddio de crian\u00e7a e adolescente"},"content":{"rendered":"<p class=\"wp-block-paragraph\">A C\u00e2mara dos Deputados concluiu nesta ter\u00e7a-feira (5) a vota\u00e7\u00e3o de um projeto de lei que torna crime hediondo o homic\u00eddio contra menor de 14 anos. O texto, que segue agora para a san\u00e7\u00e3o presidencial, tamb\u00e9m aumenta as puni\u00e7\u00f5es para os crimes de inj\u00faria e difama\u00e7\u00e3o cometidos contra menores.<\/p>\n\n\n\n<p class=\"wp-block-paragraph\">O texto foi apelidado de &#8220;Lei Henry Borel&#8221;, uma vez que ganhou for\u00e7a diante da repercuss\u00e3o da morte do menino, de 4 anos, em mar\u00e7o de 2021, no Rio de Janeiro. A crian\u00e7a foi morta no apartamento onde morava com a m\u00e3e, Monique Medeiros, e o padrasto, o ex-vereador, Jairo Souza Santos, o Jairinho.<\/p>\n\n\n\n<p class=\"wp-block-paragraph\">De acordo com as investiga\u00e7\u00f5es, a crian\u00e7a morreu por conta de agress\u00f5es do padrasto e pela omiss\u00e3o da m\u00e3e. Um laudo aponta 23 les\u00f5es por &#8220;a\u00e7\u00e3o violenta&#8221; no dia da morte de Henry.<br>A proposta j\u00e1 foi aprovada na C\u00e2mara, mas, como foi modificada pelo Senado, voltou para uma nova an\u00e1lise dos deputados. Agora, o texto segue para san\u00e7\u00e3o presidencial.<\/p>\n\n\n\n<p class=\"wp-block-paragraph\">Um crime \u00e9 considerado hediondo quando \u00e9 praticado com crueldade e causa repulsa na sociedade. Neste tipo de infra\u00e7\u00e3o, n\u00e3o cabe fian\u00e7a, indulto ou anistia. Al\u00e9m disso, o acusado precisa cumprir o in\u00edcio da pena em regime fechado.<\/p>\n\n\n\n<p class=\"wp-block-paragraph\">O texto inclui, no C\u00f3digo Penal, a classifica\u00e7\u00e3o &#8220;homic\u00eddio contra menor de 14 anos&#8221; e a coloca como uma varia\u00e7\u00e3o de homic\u00eddio qualificado, cuja pena \u00e9 de reclus\u00e3o de 12 a 30 anos.<\/p>\n\n\n\n<p class=\"wp-block-paragraph\">A proposta ainda prev\u00ea o aumento da pena em dois ter\u00e7os se o respons\u00e1vel pela morte do menor de 14 anos ocupar os seguintes pap\u00e9is: pai ou m\u00e3e, padrasto ou madrasta, tio, irm\u00e3o, c\u00f4njuge, companheiro, tutor, curador, preceptor (que orienta na educa\u00e7\u00e3o da crian\u00e7a), empregador da v\u00edtima ou qualquer outra pessoa que exer\u00e7a autoridade ou cuide dela.<\/p>\n\n\n\n<p class=\"wp-block-paragraph\">Al\u00e9m disso, a puni\u00e7\u00e3o pode aumentar em um ter\u00e7o at\u00e9 a metade se a crian\u00e7a ou adolescente v\u00edtima tiver alguma defici\u00eancia ou doen\u00e7a que a torne mais vulner\u00e1vel.<\/p>\n\n\n\n<p class=\"wp-block-paragraph\">Aquele que deixar de comunicar \u00e0 autoridade p\u00fablica a pr\u00e1tica de viol\u00eancia, de tratamento cruel ou degradante ou de formas de viol\u00eancia contra crian\u00e7a ou adolescente ou de abandono de incapaz est\u00e1 sujeito \u00e0 pena de deten\u00e7\u00e3o de seis meses a tr\u00eas anos.<\/p>\n\n\n\n<p class=\"wp-block-paragraph\">No Senado, tamb\u00e9m foi inclu\u00edda uma modifica\u00e7\u00e3o que aumenta, em um ter\u00e7o, a pena para crimes contra a honra \u2014 como cal\u00fania, inj\u00faria e difama\u00e7\u00e3o \u2014 cometidos contra crian\u00e7as, adolescentes, idosos ou pessoas com defici\u00eancia.<\/p>","protected":false},"excerpt":{"rendered":"<p>Crime tamb\u00e9m entrar\u00e1 na varia\u00e7\u00e3o de homic\u00eddio qualificado. Difama\u00e7\u00e3o e inj\u00faria contra menores tamb\u00e9m ter\u00e3o pena aumentada<\/p>","protected":false},"author":3,"featured_media":9085,"comment_status":"open","ping_status":"open","sticky":false,"template":"","format":"standard","meta":{"_crdt_document":"","footnotes":""},"categories":[36],"tags":[],"class_list":["post-9084","post","type-post","status-publish","format-standard","has-post-thumbnail","hentry","category-brasil"],"brizy_media":[],"_links":{"self":[{"href":"https:\/\/jornalcorporativo.com.br\/en\/wp-json\/wp\/v2\/posts\/9084","targetHints":{"allow":["GET"]}}],"collection":[{"href":"https:\/\/jornalcorporativo.com.br\/en\/wp-json\/wp\/v2\/posts"}],"about":[{"href":"https:\/\/jornalcorporativo.com.br\/en\/wp-json\/wp\/v2\/types\/post"}],"author":[{"embeddable":true,"href":"https:\/\/jornalcorporativo.com.br\/en\/wp-json\/wp\/v2\/users\/3"}],"replies":[{"embeddable":true,"href":"https:\/\/jornalcorporativo.com.br\/en\/wp-json\/wp\/v2\/comments?post=9084"}],"version-history":[{"count":0,"href":"https:\/\/jornalcorporativo.com.br\/en\/wp-json\/wp\/v2\/posts\/9084\/revisions"}],"wp:featuredmedia":[{"embeddable":true,"href":"https:\/\/jornalcorporativo.com.br\/en\/wp-json\/wp\/v2\/media\/9085"}],"wp:attachment":[{"href":"https:\/\/jornalcorporativo.com.br\/en\/wp-json\/wp\/v2\/media?parent=9084"}],"wp:term":[{"taxonomy":"category","embeddable":true,"href":"https:\/\/jornalcorporativo.com.br\/en\/wp-json\/wp\/v2\/categories?post=9084"},{"taxonomy":"post_tag","embeddable":true,"href":"https:\/\/jornalcorporativo.com.br\/en\/wp-json\/wp\/v2\/tags?post=9084"}],"curies":[{"name":"wp","href":"https:\/\/api.w.org\/{rel}","templated":true}]}}