{"id":9088,"date":"2022-05-04T15:39:59","date_gmt":"2022-05-04T18:39:59","guid":{"rendered":"https:\/\/jornalcorporativo.com.br\/?p=9088"},"modified":"2022-05-04T15:40:02","modified_gmt":"2022-05-04T18:40:02","slug":"em-5-anos-real-perdeu-30-de-seu-poder-de-compra","status":"publish","type":"post","link":"https:\/\/jornalcorporativo.com.br\/en\/economia\/em-5-anos-real-perdeu-30-de-seu-poder-de-compra\/","title":{"rendered":"Em 5 anos, real perdeu 30% de seu poder de compra"},"content":{"rendered":"<p class=\"wp-block-paragraph\">Nos \u00faltimos cinco anos, a infla\u00e7\u00e3o oficial do Brasil cresceu de forma cada vez mais intensa. Em 2018, o IPCA registrado no pa\u00eds foi de 3,75% \u2013 taxa que saltou para 10,06% em 2021. J\u00e1 nos 12 meses at\u00e9 mar\u00e7o deste ano, chegou a 11,30%, indicando mais um ano de pre\u00e7os em disparada.<\/p>\n\n\n\n<p class=\"wp-block-paragraph\">Com tanta infla\u00e7\u00e3o, de mar\u00e7o de 2017 a mar\u00e7o de 2022 o real perdeu 31,32% de seu valor e poder de compra. Em outras palavras, com o mesmo valor agora a gente consegue comprar apenas dois ter\u00e7os do que comprava naquele ano.<\/p>\n\n\n\n<p class=\"wp-block-paragraph\">Essas porcentagens se refletem todos os dias na vida dos brasileiros, que encontram pre\u00e7os mais altos para os mesmos produtos e servi\u00e7os. E a infla\u00e7\u00e3o afeta os or\u00e7amentos das fam\u00edlias de maneira diferente de acordo com a faixa de renda.<\/p>\n\n\n\n<p class=\"wp-block-paragraph\">Para as mais pobres, o aumento dos pre\u00e7os dos alimentos e do g\u00e1s de cozinha consome boa parte da renda no in\u00edcio deste ano. Em pelo menos 11 capitais, apenas os itens da cesta b\u00e1sica j\u00e1 equivaliam a mais de 50% do sal\u00e1rio m\u00ednimo em mar\u00e7o. J\u00e1 as fam\u00edlias de renda alta sentiram muito os reajustes dos pre\u00e7os de transporte, puxados pelo aumento da gasolina.<\/p>\n\n\n\n<p class=\"wp-block-paragraph\">Por que &#8216;sentimos mais&#8217; os aumentos<br>O economista Fabio Louzada, analista CNPI e CEO da escola Eu Me Banco, explica que o brasileiro parece &#8220;sentir mais&#8221; o peso da infla\u00e7\u00e3o porque vivemos &#8220;o pior cen\u00e1rio em termos de infla\u00e7\u00e3o versus reajuste de sal\u00e1rios.&#8221;<br>&#8220;O brasileiro sente mais a infla\u00e7\u00e3o porque est\u00e1 nos produtos e servi\u00e7os que a popula\u00e7\u00e3o mais consome no dia a dia: gasolina, g\u00e1s de cozinha, alimentos, energia el\u00e9trica e aluguel. Complementando, vem o sal\u00e1rio do consumidor que teve poucos reajustes nesse per\u00edodo, principalmente por conta da pandemia&#8221;, explica Louzada.<br>&#8220;Nos outros anos, por mais que a infla\u00e7\u00e3o subisse, os sal\u00e1rios tamb\u00e9m subiam, ent\u00e3o afetava um pouco menos o poder de compra.&#8221;<br>O aumento da infla\u00e7\u00e3o \u00e9 explicado por fatores nacionais e internacionais, diz Louzada. &#8220;Quanto maior a instabilidade global, mais os investidores tiram dinheiro dos emergentes. A pandemia foi o principal fator nesse per\u00edodo, seguida da guerra na Ucr\u00e2nia&#8221;, diz.<\/p>\n\n\n\n<p class=\"wp-block-paragraph\">Crise h\u00eddrica e fen\u00f4menos clim\u00e1ticos em 2021, que alongaram per\u00edodos de secas e cheias, tamb\u00e9m afetaram a produ\u00e7\u00e3o de alimentos e energia el\u00e9trica, diminuindo a oferta de produtos no mercado.<\/p>\n\n\n\n<p class=\"wp-block-paragraph\">Al\u00e9m disso, o &#8220;aperto monet\u00e1rio&#8221; feito pelo Banco Central, com aumento da taxa de juros, n\u00e3o est\u00e1 sendo de fato efetivo para reduzir a infla\u00e7\u00e3o, avalia Patr\u00edcia Campos, supervisora da \u00e1rea de pre\u00e7os do Dieese (Departamento Intersindical de Estat\u00edstica e Estudos Socioecon\u00f4micos).<br>&#8220;A pol\u00edtica adotada \u00e9 o aumento da taxa de juros, mas ela n\u00e3o trata a infla\u00e7\u00e3o na sua causa porque a economia brasileira est\u00e1 parada&#8221;, explica.<\/p>\n\n\n\n<p class=\"wp-block-paragraph\">Fam\u00edlias cortam gastos<br>Os juros altos tamb\u00e9m afetam o poder de compra do brasileiro, que conseguem consumir menos produtos, j\u00e1 que os empr\u00e9stimos tamb\u00e9m ficam mais caros.<\/p>\n\n\n\n<p class=\"wp-block-paragraph\">Sentindo o poder de compra diminuir, mais de 60% da popula\u00e7\u00e3o teve que cortar gastos nos \u00faltimos seis meses, segundo uma pesquisa divulgada pela Confedera\u00e7\u00e3o Nacional da Ind\u00fastria (CNI) no final de abril. E mais de 30% teve que fazer cortes &#8220;grandes ou muito grandes&#8221; nas despesas.<\/p>","protected":false},"excerpt":{"rendered":"<p>Fam\u00edlias parecem &#8216;sentir&#8217; mais porque rela\u00e7\u00e3o entre sal\u00e1rios e pre\u00e7os est\u00e1 mais apertada<\/p>","protected":false},"author":3,"featured_media":9089,"comment_status":"open","ping_status":"open","sticky":false,"template":"","format":"standard","meta":{"_crdt_document":"","footnotes":""},"categories":[4],"tags":[],"class_list":["post-9088","post","type-post","status-publish","format-standard","has-post-thumbnail","hentry","category-economia"],"brizy_media":[],"_links":{"self":[{"href":"https:\/\/jornalcorporativo.com.br\/en\/wp-json\/wp\/v2\/posts\/9088","targetHints":{"allow":["GET"]}}],"collection":[{"href":"https:\/\/jornalcorporativo.com.br\/en\/wp-json\/wp\/v2\/posts"}],"about":[{"href":"https:\/\/jornalcorporativo.com.br\/en\/wp-json\/wp\/v2\/types\/post"}],"author":[{"embeddable":true,"href":"https:\/\/jornalcorporativo.com.br\/en\/wp-json\/wp\/v2\/users\/3"}],"replies":[{"embeddable":true,"href":"https:\/\/jornalcorporativo.com.br\/en\/wp-json\/wp\/v2\/comments?post=9088"}],"version-history":[{"count":0,"href":"https:\/\/jornalcorporativo.com.br\/en\/wp-json\/wp\/v2\/posts\/9088\/revisions"}],"wp:featuredmedia":[{"embeddable":true,"href":"https:\/\/jornalcorporativo.com.br\/en\/wp-json\/wp\/v2\/media\/9089"}],"wp:attachment":[{"href":"https:\/\/jornalcorporativo.com.br\/en\/wp-json\/wp\/v2\/media?parent=9088"}],"wp:term":[{"taxonomy":"category","embeddable":true,"href":"https:\/\/jornalcorporativo.com.br\/en\/wp-json\/wp\/v2\/categories?post=9088"},{"taxonomy":"post_tag","embeddable":true,"href":"https:\/\/jornalcorporativo.com.br\/en\/wp-json\/wp\/v2\/tags?post=9088"}],"curies":[{"name":"wp","href":"https:\/\/api.w.org\/{rel}","templated":true}]}}