{"id":9092,"date":"2022-05-04T16:08:25","date_gmt":"2022-05-04T19:08:25","guid":{"rendered":"https:\/\/jornalcorporativo.com.br\/?p=9092"},"modified":"2022-05-04T16:08:28","modified_gmt":"2022-05-04T19:08:28","slug":"russia-prepara-desfile-militar-em-mariupol-para-9-de-maio","status":"publish","type":"post","link":"https:\/\/jornalcorporativo.com.br\/en\/internacional\/russia-prepara-desfile-militar-em-mariupol-para-9-de-maio\/","title":{"rendered":"R\u00fassia prepara desfile militar em Mariupol para 9 de maio"},"content":{"rendered":"<p class=\"wp-block-paragraph\">A R\u00fassia prepara um desfile militar na cidade ucraniana de Mariupol , sitiada h\u00e1 semanas, para 9 de maio, dia em que \u00e9 lembrada sua vit\u00f3ria sobre a Alemanha nazista, segundo fontes dos servi\u00e7os de intelig\u00eancia ucranianos nesta quarta-feira (4).<br>Segundo essas fontes, o vice-diretor da administra\u00e7\u00e3o presidencial russa, Sergue\u00ef Kirienko, chegou em Mariupol para preparar este desfile.<br>&#8220;A miss\u00e3o principal do respons\u00e1vel de Putin \u00e9 preparar as celebra\u00e7\u00f5es de 9 de maio&#8221;, explicou um comunicado no Telegram desses servi\u00e7os de intelig\u00eancia, o GUR.<\/p>\n\n\n\n<p class=\"wp-block-paragraph\">Mariupol, uma cidade portu\u00e1ria, &#8220;se tornar\u00e1 um centro de celebra\u00e7\u00f5es&#8221;, diz o comunicado. &#8220;As principais avenidas da cidade est\u00e3o sendo limpas com urg\u00eancia, os escombros e os corpos removidos, assim como as muni\u00e7\u00f5es que n\u00e3o explodiram&#8221;, acrescenta o texto.<br>Os telespectadores russos poder\u00e3o ver &#8220;a alegria&#8221; dos moradores de Mariupol quando virem os russos chegando \u00e0 sua cidade, acrescentou. O feriado de 9 de maio sempre \u00e9 celebrado com um grande desfile na Pra\u00e7a Vermelha de Moscou.<br>De acordo com o GUR, &#8220;uma campanha de propaganda em larga escala est\u00e1 em andamento&#8221; entre a popula\u00e7\u00e3o da cidade, que agora est\u00e1 entre 100.000 e 120.000 pessoas e era de meio milh\u00e3o antes da guerra.<\/p>\n\n\n\n<p class=\"wp-block-paragraph\">O ministro russo da Defesa, respondendo a uma pergunta sobre os preparativos para 9 de maio, n\u00e3o mencionou a possibilidade de um desfile em Mariupol.<br>&#8220;Este ano, os desfiles militares ser\u00e3o celebrados em 28 cidades russas&#8221;, disse, detalhando que &#8220;cerca de 65 mil pessoas, 2.400 tipos de armamento e equipamentos militares e mais de 460 avi\u00f5es ser\u00e3o mobilizados&#8221;.<\/p>\n\n\n\n<p class=\"wp-block-paragraph\">Mariupol est\u00e1 praticamente sob controle do ex\u00e9rcito russo. Apenas o grande complexo industrial Azovstal, onde est\u00e3o entrincheirados os \u00faltimos combatentes ucranianos e civis, escapa do controle militar de Moscou.<br>Na ter\u00e7a-feira, um comandante ucraniano do batalh\u00e3o Azov, que defende esta sider\u00fargica, disse que tropas russas lan\u00e7aram um ataque \u00e0 f\u00e1brica industrial, informa\u00e7\u00e3o que Moscou negou nesta quarta-feira.<\/p>","protected":false},"excerpt":{"rendered":"<p>Evento seria realizado no Dia da Vit\u00f3ria sobre Alemanha nazista. Principais avenidas da cidade estariam tendo escombros e corpos removidos<\/p>","protected":false},"author":3,"featured_media":9093,"comment_status":"open","ping_status":"open","sticky":false,"template":"","format":"standard","meta":{"_crdt_document":"","footnotes":""},"categories":[2],"tags":[],"class_list":["post-9092","post","type-post","status-publish","format-standard","has-post-thumbnail","hentry","category-internacional"],"brizy_media":[],"_links":{"self":[{"href":"https:\/\/jornalcorporativo.com.br\/en\/wp-json\/wp\/v2\/posts\/9092","targetHints":{"allow":["GET"]}}],"collection":[{"href":"https:\/\/jornalcorporativo.com.br\/en\/wp-json\/wp\/v2\/posts"}],"about":[{"href":"https:\/\/jornalcorporativo.com.br\/en\/wp-json\/wp\/v2\/types\/post"}],"author":[{"embeddable":true,"href":"https:\/\/jornalcorporativo.com.br\/en\/wp-json\/wp\/v2\/users\/3"}],"replies":[{"embeddable":true,"href":"https:\/\/jornalcorporativo.com.br\/en\/wp-json\/wp\/v2\/comments?post=9092"}],"version-history":[{"count":0,"href":"https:\/\/jornalcorporativo.com.br\/en\/wp-json\/wp\/v2\/posts\/9092\/revisions"}],"wp:featuredmedia":[{"embeddable":true,"href":"https:\/\/jornalcorporativo.com.br\/en\/wp-json\/wp\/v2\/media\/9093"}],"wp:attachment":[{"href":"https:\/\/jornalcorporativo.com.br\/en\/wp-json\/wp\/v2\/media?parent=9092"}],"wp:term":[{"taxonomy":"category","embeddable":true,"href":"https:\/\/jornalcorporativo.com.br\/en\/wp-json\/wp\/v2\/categories?post=9092"},{"taxonomy":"post_tag","embeddable":true,"href":"https:\/\/jornalcorporativo.com.br\/en\/wp-json\/wp\/v2\/tags?post=9092"}],"curies":[{"name":"wp","href":"https:\/\/api.w.org\/{rel}","templated":true}]}}