{"id":9096,"date":"2022-05-04T16:23:10","date_gmt":"2022-05-04T19:23:10","guid":{"rendered":"https:\/\/jornalcorporativo.com.br\/?p=9096"},"modified":"2022-05-04T16:23:13","modified_gmt":"2022-05-04T19:23:13","slug":"negocio-fechado-felipao-sera-o-novo-tecnico-do-athletico","status":"publish","type":"post","link":"https:\/\/jornalcorporativo.com.br\/en\/esportes\/negocio-fechado-felipao-sera-o-novo-tecnico-do-athletico\/","title":{"rendered":"Neg\u00f3cio fechado: Felip\u00e3o ser\u00e1 o novo t\u00e9cnico do Athletico"},"content":{"rendered":"<p class=\"wp-block-paragraph\">As conversas entre Athletico e Felip\u00e3o avan\u00e7aram na tarde desta quarta-feira e o neg\u00f3cio foi fechado. O treinador deve ser anunciado nas pr\u00f3ximas horas.<\/p>\n\n\n\n<p class=\"wp-block-paragraph\">O contrato oferecido pelo Furac\u00e3o \u00e9 at\u00e9 o final do ano. Ele chegar\u00e1 para substituir F\u00e1bio Carille, demitido ap\u00f3s a goleada sofrida por 5 a 0 contra o The Strongest, pela Libertadores.<\/p>\n\n\n\n<p class=\"wp-block-paragraph\">Luiz Felipe Scolari chega ao Athletico com dois auxiliares que j\u00e1 o conhecem de longa data: Carlos Pracidelli e Paulo Turra.<\/p>\n\n\n\n<p class=\"wp-block-paragraph\">Felip\u00e3o tem um excelente relacionamento com Petraglia e tamb\u00e9m com o CEO, Alexandre Mattos, e j\u00e1 conhece toda estrutura do Athletico. Em abril, o treinador do pentacampeonato j\u00e1 tinha gostado da ideia de trabalhar no clube.<\/p>\n\n\n\n<p class=\"wp-block-paragraph\">Felip\u00e3o gostou do projeto ambicioso por assumir uma fun\u00e7\u00e3o de diretor t\u00e9cnico e de treinador \u00e0 beira do gramado. O presidente do Athletico, Mario Celso Petraglia, quer ter no clube um dirigente como Alex Ferguson, que fez hist\u00f3ria no Manchester United.<br>Nesta temporada, Luiz Felipe Scolari recebeu liga\u00e7\u00f5es de sele\u00e7\u00f5es da Am\u00e9rica do Sul e da \u00c1frica, de um time da Espanha, al\u00e9m de ser procurado pelo Athletico, no come\u00e7o de abril.<\/p>\n\n\n\n<p class=\"wp-block-paragraph\">Felip\u00e3o passou um per\u00edodo em Portugal com a fam\u00edlia. O \u00faltimo trabalho dele foi no Gr\u00eamio, no ano passado. Aos 73 anos, ele \u00e9 pentacampe\u00e3o do mundo com a Sele\u00e7\u00e3o, al\u00e9m de tetracampe\u00e3o da Copa do Brasil, bicampe\u00e3o da Libertadores e campe\u00e3o brasileiro.<\/p>\n\n\n\n<p class=\"wp-block-paragraph\">Antes de o Athletico acertar com Carille, Scolari era um dos nomes preferidos de Petraglia. Na ocasi\u00e3o, o dirigente segurou a negocia\u00e7\u00e3o com Carille at\u00e9 ouvir a decis\u00e3o do experiente treinador. Ele recusou o convite.<\/p>\n\n\n\n<p class=\"wp-block-paragraph\">Mesmo assim, como a reportagem do ge tinha antecipado, o dirigente deixou as portas abertas para uma conversa quando Felip\u00e3o retornasse de Portugal. Com isso, estava marcada para semana que vem a vinda de Felip\u00e3o para Curitiba.<\/p>\n\n\n\n<p class=\"wp-block-paragraph\">F\u00e1bio Carille teve passagem mais curta na era dos pontos corridos<br>F\u00e1bio Carille foi demitido do cargo de treinador do Athletico na ter\u00e7a-feira. Com apenas 21 dias de trabalho, o t\u00e9cnico teve o tempo de perman\u00eancia mais curto no comando do Furac\u00e3o na era dos pontos corridos.<\/p>\n\n\n\n<p class=\"wp-block-paragraph\">O treinador foi anunciado no \u00faltimo dia 13 de abril, como substituto de Alberto Valentim. Antes, a marca pertencia a Marcelo Vilhena, que ficou no cargo por apenas 22 dias, em fevereiro de 2015.<\/p>","protected":false},"excerpt":{"rendered":"<p>Fontes ligadas ao treinador afirmam que o acordo est\u00e1 confirmado. Contrato tem dura\u00e7\u00e3o at\u00e9 o final do ano<\/p>","protected":false},"author":3,"featured_media":9097,"comment_status":"open","ping_status":"open","sticky":false,"template":"","format":"standard","meta":{"_crdt_document":"","footnotes":""},"categories":[6],"tags":[],"class_list":["post-9096","post","type-post","status-publish","format-standard","has-post-thumbnail","hentry","category-esportes"],"brizy_media":[],"_links":{"self":[{"href":"https:\/\/jornalcorporativo.com.br\/en\/wp-json\/wp\/v2\/posts\/9096","targetHints":{"allow":["GET"]}}],"collection":[{"href":"https:\/\/jornalcorporativo.com.br\/en\/wp-json\/wp\/v2\/posts"}],"about":[{"href":"https:\/\/jornalcorporativo.com.br\/en\/wp-json\/wp\/v2\/types\/post"}],"author":[{"embeddable":true,"href":"https:\/\/jornalcorporativo.com.br\/en\/wp-json\/wp\/v2\/users\/3"}],"replies":[{"embeddable":true,"href":"https:\/\/jornalcorporativo.com.br\/en\/wp-json\/wp\/v2\/comments?post=9096"}],"version-history":[{"count":0,"href":"https:\/\/jornalcorporativo.com.br\/en\/wp-json\/wp\/v2\/posts\/9096\/revisions"}],"wp:featuredmedia":[{"embeddable":true,"href":"https:\/\/jornalcorporativo.com.br\/en\/wp-json\/wp\/v2\/media\/9097"}],"wp:attachment":[{"href":"https:\/\/jornalcorporativo.com.br\/en\/wp-json\/wp\/v2\/media?parent=9096"}],"wp:term":[{"taxonomy":"category","embeddable":true,"href":"https:\/\/jornalcorporativo.com.br\/en\/wp-json\/wp\/v2\/categories?post=9096"},{"taxonomy":"post_tag","embeddable":true,"href":"https:\/\/jornalcorporativo.com.br\/en\/wp-json\/wp\/v2\/tags?post=9096"}],"curies":[{"name":"wp","href":"https:\/\/api.w.org\/{rel}","templated":true}]}}