{"id":9118,"date":"2022-05-05T16:42:35","date_gmt":"2022-05-05T19:42:35","guid":{"rendered":"https:\/\/jornalcorporativo.com.br\/?p=9118"},"modified":"2022-05-05T16:42:37","modified_gmt":"2022-05-05T19:42:37","slug":"inglaterra-e-eua-lideram-pedidos-de-ingressos-para-a-copa-em-segunda-fase-de-venda","status":"publish","type":"post","link":"https:\/\/jornalcorporativo.com.br\/en\/esportes\/inglaterra-e-eua-lideram-pedidos-de-ingressos-para-a-copa-em-segunda-fase-de-venda\/","title":{"rendered":"Inglaterra e EUA lideram pedidos de ingressos para a Copa em segunda fase de venda"},"content":{"rendered":"<p class=\"wp-block-paragraph\">A empolga\u00e7\u00e3o para a Copa do Mundo de 2022 est\u00e1 forte na Inglaterra e nos Estados Unidos. Os dois pa\u00edses lideram, junto ao anfitri\u00e3o Catar, o ranking de pedidos de ingressos para o Mundial na segunda fase de vendas. Cada um deles fez mais de 2 milh\u00f5es de solicita\u00e7\u00f5es de entradas.<\/p>\n\n\n\n<p class=\"wp-block-paragraph\">A partida mais procurada \u00e9, obviamente, a grande final, que ser\u00e1 disputada no Est\u00e1dio de Lusail, no dia 18 de dezembro: foram tr\u00eas milh\u00f5es de pedidos de ingressos para o confronto. O segundo jogo com mais solicita\u00e7\u00f5es \u00e9, de longe, o confronto entre Argentina e M\u00e9xico, no dia 26 de novembro, tamb\u00e9m em Lusail, com 2,5 milh\u00f5es de pedidos. O confronto Inglaterra x EUA tamb\u00e9m est\u00e1 com alta demanda, com 1,4 milh\u00f5es de solicita\u00e7\u00f5es.<\/p>\n\n\n\n<p class=\"wp-block-paragraph\">A 200 dias para o in\u00edcio da Copa do Mundo, j\u00e1 foram feitos 23,5 milh\u00f5es de pedidos de ingressos nesta segunda fase de venda. O Brasil tamb\u00e9m est\u00e1 entre os pa\u00edses com mais pedidos de entradas, junto a Ar\u00e1bia Saudita, Argentina, Fran\u00e7a e M\u00e9xico. Consultada pelo ge, a Fifa informou que do Brasil foram mais de 408 mil aplica\u00e7\u00f5es.<\/p>\n\n\n\n<p class=\"wp-block-paragraph\">Os torcedores ser\u00e3o notificados sobre o resultado dessas aplica\u00e7\u00f5es no dia 31 de maio, por e-mail. \u00c9 nessa data que come\u00e7a a fase de pagamento. Quem estiver com tudo regularizado poder\u00e1 requisitar o Hayya Card, a permiss\u00e3o de entrada no Catar com acesso aos est\u00e1dios.<\/p>\n\n\n\n<p class=\"wp-block-paragraph\">Quem n\u00e3o fez a aplica\u00e7\u00e3o ou n\u00e3o teve sucesso na fase de sele\u00e7\u00e3o aleat\u00f3ria ainda ter\u00e1 mais uma chance de conseguir ingresso para a Copa do Mundo. A Fifa prometeu abrir um per\u00edodo de venda por ordem de chegada, mas n\u00e3o definiu data para isso.<\/p>\n\n\n\n<p class=\"wp-block-paragraph\">Chile entra com a\u00e7\u00e3o na Fifa para assumir lugar do Equador<br>A federa\u00e7\u00e3o de futebol do Chile (ANFP) enviou na quarta-feira uma den\u00fancia contra o jogador Byron Castillo e a federa\u00e7\u00e3o equatoriana de futebol \u00e0 Comiss\u00e3o de Disciplina da Fifa. O Chile sustenta que houve o uso de certid\u00e3o de nascimento falsa, falsa declara\u00e7\u00e3o de idade e falsa nacionalidade por parte do lateral-direito.<\/p>\n\n\n\n<p class=\"wp-block-paragraph\">O Chile demanda que a sele\u00e7\u00e3o do Equador perca os pontos dos oito jogos das eliminat\u00f3rias sul-americanas que Castillo participou \u2014 e que os advers\u00e1rios ganhem os tr\u00eas pontos das partidas. Isso levaria a sele\u00e7\u00e3o chilena \u00e0 Copa do Mundo de 2022, no Catar.<\/p>","protected":false},"excerpt":{"rendered":"<p>A 200 dias para o in\u00edcio do Mundial, anfitri\u00e3o Catar tamb\u00e9m est\u00e1 entre os campe\u00f5es de solicita\u00e7\u00f5es<\/p>","protected":false},"author":3,"featured_media":9119,"comment_status":"open","ping_status":"open","sticky":false,"template":"","format":"standard","meta":{"_crdt_document":"","footnotes":""},"categories":[6],"tags":[],"class_list":["post-9118","post","type-post","status-publish","format-standard","has-post-thumbnail","hentry","category-esportes"],"brizy_media":[],"_links":{"self":[{"href":"https:\/\/jornalcorporativo.com.br\/en\/wp-json\/wp\/v2\/posts\/9118","targetHints":{"allow":["GET"]}}],"collection":[{"href":"https:\/\/jornalcorporativo.com.br\/en\/wp-json\/wp\/v2\/posts"}],"about":[{"href":"https:\/\/jornalcorporativo.com.br\/en\/wp-json\/wp\/v2\/types\/post"}],"author":[{"embeddable":true,"href":"https:\/\/jornalcorporativo.com.br\/en\/wp-json\/wp\/v2\/users\/3"}],"replies":[{"embeddable":true,"href":"https:\/\/jornalcorporativo.com.br\/en\/wp-json\/wp\/v2\/comments?post=9118"}],"version-history":[{"count":0,"href":"https:\/\/jornalcorporativo.com.br\/en\/wp-json\/wp\/v2\/posts\/9118\/revisions"}],"wp:featuredmedia":[{"embeddable":true,"href":"https:\/\/jornalcorporativo.com.br\/en\/wp-json\/wp\/v2\/media\/9119"}],"wp:attachment":[{"href":"https:\/\/jornalcorporativo.com.br\/en\/wp-json\/wp\/v2\/media?parent=9118"}],"wp:term":[{"taxonomy":"category","embeddable":true,"href":"https:\/\/jornalcorporativo.com.br\/en\/wp-json\/wp\/v2\/categories?post=9118"},{"taxonomy":"post_tag","embeddable":true,"href":"https:\/\/jornalcorporativo.com.br\/en\/wp-json\/wp\/v2\/tags?post=9118"}],"curies":[{"name":"wp","href":"https:\/\/api.w.org\/{rel}","templated":true}]}}