{"id":9228,"date":"2022-05-12T12:53:38","date_gmt":"2022-05-12T15:53:38","guid":{"rendered":"https:\/\/jornalcorporativo.com.br\/?p=9228"},"modified":"2022-05-12T12:53:41","modified_gmt":"2022-05-12T15:53:41","slug":"so-brasil-e-turquia-tem-inflacao-juros-e-desemprego-de-dois-digitos","status":"publish","type":"post","link":"https:\/\/jornalcorporativo.com.br\/en\/economia\/so-brasil-e-turquia-tem-inflacao-juros-e-desemprego-de-dois-digitos\/","title":{"rendered":"S\u00f3 Brasil e Turquia t\u00eam infla\u00e7\u00e3o, juros e desemprego de dois d\u00edgitos"},"content":{"rendered":"<p class=\"wp-block-paragraph\">O Brasil \u00e9 um caso raro de pa\u00eds com taxas de dois d\u00edgitos de infla\u00e7\u00e3o, juros e desemprego. Entre as grandes economias do mundo, apenas a Turquia vive tal situa\u00e7\u00e3o, aponta levantamento feito pela ag\u00eancia de classifica\u00e7\u00e3o de risco Austin Rating.<\/p>\n\n\n\n<p class=\"wp-block-paragraph\">A Argentina e R\u00fassia tamb\u00e9m est\u00e3o no topo dos rankings das maiores taxas de infla\u00e7\u00e3o e de juros b\u00e1sicos do mundo, mas mant\u00eam um desemprego abaixo de dois d\u00edgitos. J\u00e1 a \u00c1frica do Sul e a Espanha possuem desemprego superior ao do Brasil, mas infla\u00e7\u00e3o e juros bem menores.<br>O levantamento re\u00fane os dados mais atualizados de 23 pa\u00edses, que representam 81,4% do PIB global, al\u00e9m das taxas da zona do euro.<\/p>\n\n\n\n<p class=\"wp-block-paragraph\">No Brasil, taxas de dois d\u00edgitos nos 3 indicadores n\u00e3o eram registradas desde a recess\u00e3o de 2016. Considerando os dados oficiais desde 2012, quando come\u00e7ou a s\u00e9rie atual da Pesquisa Nacional por Amostra de Domic\u00edlios Cont\u00ednua (Pnad), essa tr\u00edplice coroa&#8217; s\u00f3 ocorreu em 4 meses, segundo a Austin.<\/p>\n\n\n\n<p class=\"wp-block-paragraph\">&#8216;Tr\u00edplice coroa&#8217; de taxas de dois d\u00edgitos no Brasil<br>Desde 2012, situa\u00e7\u00e3o s\u00f3 ocorreu em 4 meses: fevereiro de 2016, fevereiro, mar\u00e7o e abril de 2022.<br>&#8220;Essas 4 ocasi\u00f5es foram as \u00fanicas vezes que houve 2 d\u00edgitos nos tr\u00eas indicadores. Agora neste ano que passou a ser recorrente&#8221;, afirma o economista-chefe da Austin Rating, Alex Agostini, autor do levantamento.<\/p>\n\n\n\n<p class=\"wp-block-paragraph\">Infla\u00e7\u00e3o<br>J\u00e1 s\u00e3o 8 meses seguidos com a infla\u00e7\u00e3o anual acima dois d\u00edgitos o Brasil, segundo mostraram os dados do IPCA divulgados pelo IBGE. A Selic superou os 10% em fevereiro e foi elevada no \u00faltimo dia 4 de maio para 12,75% ao ano \u2013 maior patamar desde 2017. J\u00e1 a taxa de desemprego ficou em 11,1% no 1\u00ba trimestre e se mant\u00e9m em dois d\u00edgitos desde o final de 2015.<\/p>\n\n\n\n<p class=\"wp-block-paragraph\">O que explica essa &#8216;tr\u00edplice coroa&#8217;<br>Mais do que indicar uma situa\u00e7\u00e3o econ\u00f4mica bastante ruim no Brasil, a conjun\u00e7\u00e3o de taxas de dois d\u00edgitos de infla\u00e7\u00e3o, juros e desemprego escancara os efeitos das sucessivas crises dos \u00faltimos anos e dos problemas estruturais da economia brasileira, que h\u00e1 anos vem registrando baixo crescimento.<br>\u201cTemos no Brasil um problema t\u00e3o cr\u00f4nico, t\u00e3o estrutural, que a rela\u00e7\u00e3o dessas vari\u00e1veis sai do padr\u00e3o t\u00e9cnico-econ\u00f4mico&#8221;, afirma Agostini, destacando que a infla\u00e7\u00e3o e o desemprego costumam ter uma rela\u00e7\u00e3o inversa. Ou seja, quando um aumenta, o outro diminui.<br>O economista explica que, embora a infla\u00e7\u00e3o tenha se tornado um problema global, puxada principalmente pela disparada dos pre\u00e7os da energia e de commodities, em pa\u00edses como os Estados Unidos ela tamb\u00e9m tem sido alimentada pela situa\u00e7\u00e3o de praticamente pleno emprego.<br>&#8220;Nos Estados Unidos, h\u00e1 renda para absorver a alta da infla\u00e7\u00e3o. Ent\u00e3o \u00e9 natural que se tenha um juro tamb\u00e9m maior. J\u00e1 no Brasil, a gente n\u00e3o tem um mercado de trabalho para absorver essa infla\u00e7\u00e3o alta e o juros tem que subir para combater essa infla\u00e7\u00e3o de custos&#8221;, observa.<\/p>","protected":false},"excerpt":{"rendered":"<p>\u00daltimo registro desta &#8216;tr\u00edplice coroa&#8217; negativa no pa\u00eds tinha sido durante a recess\u00e3o de 2016<\/p>","protected":false},"author":3,"featured_media":9229,"comment_status":"open","ping_status":"open","sticky":false,"template":"","format":"standard","meta":{"_crdt_document":"","footnotes":""},"categories":[4],"tags":[],"class_list":["post-9228","post","type-post","status-publish","format-standard","has-post-thumbnail","hentry","category-economia"],"brizy_media":[],"_links":{"self":[{"href":"https:\/\/jornalcorporativo.com.br\/en\/wp-json\/wp\/v2\/posts\/9228","targetHints":{"allow":["GET"]}}],"collection":[{"href":"https:\/\/jornalcorporativo.com.br\/en\/wp-json\/wp\/v2\/posts"}],"about":[{"href":"https:\/\/jornalcorporativo.com.br\/en\/wp-json\/wp\/v2\/types\/post"}],"author":[{"embeddable":true,"href":"https:\/\/jornalcorporativo.com.br\/en\/wp-json\/wp\/v2\/users\/3"}],"replies":[{"embeddable":true,"href":"https:\/\/jornalcorporativo.com.br\/en\/wp-json\/wp\/v2\/comments?post=9228"}],"version-history":[{"count":0,"href":"https:\/\/jornalcorporativo.com.br\/en\/wp-json\/wp\/v2\/posts\/9228\/revisions"}],"wp:featuredmedia":[{"embeddable":true,"href":"https:\/\/jornalcorporativo.com.br\/en\/wp-json\/wp\/v2\/media\/9229"}],"wp:attachment":[{"href":"https:\/\/jornalcorporativo.com.br\/en\/wp-json\/wp\/v2\/media?parent=9228"}],"wp:term":[{"taxonomy":"category","embeddable":true,"href":"https:\/\/jornalcorporativo.com.br\/en\/wp-json\/wp\/v2\/categories?post=9228"},{"taxonomy":"post_tag","embeddable":true,"href":"https:\/\/jornalcorporativo.com.br\/en\/wp-json\/wp\/v2\/tags?post=9228"}],"curies":[{"name":"wp","href":"https:\/\/api.w.org\/{rel}","templated":true}]}}