{"id":9232,"date":"2022-05-12T13:22:37","date_gmt":"2022-05-12T16:22:37","guid":{"rendered":"https:\/\/jornalcorporativo.com.br\/?p=9232"},"modified":"2022-05-12T13:22:40","modified_gmt":"2022-05-12T16:22:40","slug":"ucrania-denuncia-atrocidades-cometidas-pela-russia","status":"publish","type":"post","link":"https:\/\/jornalcorporativo.com.br\/en\/internacional\/ucrania-denuncia-atrocidades-cometidas-pela-russia\/","title":{"rendered":"Ucr\u00e2nia denuncia atrocidades cometidas pela R\u00fassia"},"content":{"rendered":"<p class=\"wp-block-paragraph\">A Ucr\u00e2nia e seus aliados denunciaram nesta quinta-feira (12) uma &#8220;lista intermin\u00e1vel&#8221; de atrocidades cometidas pela R\u00fassia desde a sua invas\u00e3o em 24 de fevereiro, em uma sess\u00e3o extraordin\u00e1ria do Conselho de Direitos Humanos da ONU em Genebra, que foi boicotada por Moscou.<br>Na reuni\u00e3o convocada a pedido da Ucr\u00e2nia, os 47 pa\u00edses-membros do Conselho devem se pronunciar sobre um projeto de resolu\u00e7\u00e3o que pede uma &#8220;investiga\u00e7\u00e3o&#8221; pela comiss\u00e3o internacional da ONU sobre as graves viola\u00e7\u00f5es de direitos humanos atribu\u00eddas \u00e0s tropas durante a ocupa\u00e7\u00e3o russa.<\/p>\n\n\n\n<p class=\"wp-block-paragraph\">De acordo com o texto, os abusos foram cometidos nas \u00e1reas pr\u00f3ximas a Kiev, em Chernihiv, Kharkiv e em Sumy entre o final de fevereiro e mar\u00e7o de 2022 e a resolu\u00e7\u00e3o busca &#8220;pedir que os respons\u00e1veis sejam responsabilizados&#8221;.<br>&#8220;Milhares de pessoas do meu pa\u00eds perderam a vida. Os bombardeios e tiros russos fazem parte de nossa vida di\u00e1ria&#8221;, declarou a primeira vice-ministra das Rela\u00e7\u00f5es Exteriores da Ucr\u00e2nia, Emine Dzhaparova, na abertura da sess\u00e3o, em um discurso por videoconfer\u00eancia.<\/p>\n\n\n\n<p class=\"wp-block-paragraph\">A representante denunciou atos de tortura, desaparecimentos for\u00e7ados, viol\u00eancia sexual e de g\u00eanero.<br>&#8220;A lista de crimes russos \u00e9 intermin\u00e1vel&#8221;, denunciou antes de mostrar um desenho feito por uma crian\u00e7a que foi estuprada na frente de sua m\u00e3e.<\/p>\n\n\n\n<p class=\"wp-block-paragraph\">Durante as discuss\u00f5es, muitos diplomatas aliados de Kiev, mas tamb\u00e9m funcion\u00e1rios da ONU, expressaram sua indigna\u00e7\u00e3o com o sofrimento dos ucranianos.<br>&#8220;A agress\u00e3o russa envolve a descoberta de fatos cada vez mais macabros a cada dia&#8221;, disse o embaixador franc\u00eas, J\u00e9r\u00f4me Bonnafont. Seu colega brit\u00e2nico denunciou a &#8220;campanha brutal&#8221; de Moscou.<\/p>\n\n\n\n<p class=\"wp-block-paragraph\">A alta comiss\u00e1ria da ONU para os Direitos Humanos, Michelle Bachelet indicou que seu gabinete continua verificando as acusa\u00e7\u00f5es.<br>&#8220;A extens\u00e3o das execu\u00e7\u00f5es ilegais, incluindo os ind\u00edcios de execu\u00e7\u00f5es sum\u00e1rias nas \u00e1reas do norte de Kiev \u00e9 chocante&#8221;, declarou, especificando que at\u00e9 agora tem informa\u00e7\u00f5es sobre 300 casos.<\/p>","protected":false},"excerpt":{"rendered":"<p>Entre os casos est\u00e3o situa\u00e7\u00f5es de sequestro, estupro e execu\u00e7\u00f5es desde o in\u00edcio do conflito, em 24 de fevereiro<\/p>","protected":false},"author":3,"featured_media":9233,"comment_status":"open","ping_status":"open","sticky":false,"template":"","format":"standard","meta":{"_crdt_document":"","footnotes":""},"categories":[2],"tags":[],"class_list":["post-9232","post","type-post","status-publish","format-standard","has-post-thumbnail","hentry","category-internacional"],"brizy_media":[],"_links":{"self":[{"href":"https:\/\/jornalcorporativo.com.br\/en\/wp-json\/wp\/v2\/posts\/9232","targetHints":{"allow":["GET"]}}],"collection":[{"href":"https:\/\/jornalcorporativo.com.br\/en\/wp-json\/wp\/v2\/posts"}],"about":[{"href":"https:\/\/jornalcorporativo.com.br\/en\/wp-json\/wp\/v2\/types\/post"}],"author":[{"embeddable":true,"href":"https:\/\/jornalcorporativo.com.br\/en\/wp-json\/wp\/v2\/users\/3"}],"replies":[{"embeddable":true,"href":"https:\/\/jornalcorporativo.com.br\/en\/wp-json\/wp\/v2\/comments?post=9232"}],"version-history":[{"count":0,"href":"https:\/\/jornalcorporativo.com.br\/en\/wp-json\/wp\/v2\/posts\/9232\/revisions"}],"wp:featuredmedia":[{"embeddable":true,"href":"https:\/\/jornalcorporativo.com.br\/en\/wp-json\/wp\/v2\/media\/9233"}],"wp:attachment":[{"href":"https:\/\/jornalcorporativo.com.br\/en\/wp-json\/wp\/v2\/media?parent=9232"}],"wp:term":[{"taxonomy":"category","embeddable":true,"href":"https:\/\/jornalcorporativo.com.br\/en\/wp-json\/wp\/v2\/categories?post=9232"},{"taxonomy":"post_tag","embeddable":true,"href":"https:\/\/jornalcorporativo.com.br\/en\/wp-json\/wp\/v2\/tags?post=9232"}],"curies":[{"name":"wp","href":"https:\/\/api.w.org\/{rel}","templated":true}]}}