{"id":9236,"date":"2022-05-12T13:46:05","date_gmt":"2022-05-12T16:46:05","guid":{"rendered":"https:\/\/jornalcorporativo.com.br\/?p=9236"},"modified":"2022-05-12T13:46:09","modified_gmt":"2022-05-12T16:46:09","slug":"bolsonaro-sanciona-lei-que-cria-a-bula-digital-e-muda-o-sistema-de-rastrear-medicamentos","status":"publish","type":"post","link":"https:\/\/jornalcorporativo.com.br\/en\/brasil\/bolsonaro-sanciona-lei-que-cria-a-bula-digital-e-muda-o-sistema-de-rastrear-medicamentos\/","title":{"rendered":"Bolsonaro sanciona lei que cria a bula digital e muda o sistema de rastrear medicamentos"},"content":{"rendered":"<p class=\"wp-block-paragraph\">O presidente Jair Bolsonaro sancionou a lei que cria a bula digital e altera o sistema que rastreia medicamentos. A san\u00e7\u00e3o foi publicada no &#8220;Di\u00e1rio Oficial da Uni\u00e3o&#8221; desta quinta-feira (12).<br>As embalagens dos medicamentos ter\u00e3o um c\u00f3digo QR Code, em substitui\u00e7\u00e3o ao c\u00f3digo de barras bidimensional atual. A ideia \u00e9 que essa &#8220;bula digital&#8221; facilite o acesso \u00e0s informa\u00e7\u00f5es do produto tanto em texto como em formato audiovisual, mas isso n\u00e3o substituir\u00e1 a necessidade da bula impressa.<\/p>\n\n\n\n<p class=\"wp-block-paragraph\">O texto revoga a implementa\u00e7\u00e3o do Sistema Nacional de Controle de Medicamentos (SNCM), que teria o objetivo de acompanhar os medicamentos desde a produ\u00e7\u00e3o at\u00e9 o consumo.<br>De acordo com a Anvisa, &#8220;a rastreabilidade realizada pelo SNCM traria benef\u00edcios significativos, que v\u00e3o desde uma maior seguran\u00e7a de pacientes e de profissionais em rela\u00e7\u00e3o aos medicamentos utilizados, at\u00e9 um maior controle de produ\u00e7\u00e3o e de log\u00edstica, al\u00e9m de facilidades de fluxos e manuten\u00e7\u00e3o de padr\u00f5es regulat\u00f3rios de conformidade&#8221;.<\/p>\n\n\n\n<p class=\"wp-block-paragraph\">O texto retira essa prerrogativa de rastrear da Anvisa e estabelece que as farmac\u00eauticas dever\u00e3o possuir um &#8220;mapa de distribui\u00e7\u00e3o de medicamentos com identifica\u00e7\u00e3o dos quantitativos comercializados e distribu\u00eddos para cada lote, bem como dos destinat\u00e1rios das remessas&#8221;.<\/p>\n\n\n\n<p class=\"wp-block-paragraph\">Argumentos da Anvisa<br>Para a Anvisa, a nova lei vai ocasionar as seguintes consequ\u00eancias:<\/p>\n\n\n\n<ul class=\"wp-block-list\"><li>Risco para a sa\u00fade p\u00fablica, ao inviabilizar o controle de unidades medicamentos e garantia da integridade da cadeia de abastecimento;<\/li><li>Desalinhamento do modelo de rastreabilidade brasileiro \u00e0quele adotado nas principais ag\u00eancias internacionais, que adotam o modelo de controle de produtos serializado<\/li><li>Desperd\u00edcio de recursos p\u00fablicos j\u00e1 investidos no desenvolvimento do SNCM<\/li><li>Preju\u00edzo para as empresas que j\u00e1 serializaram seus produtos e desenvolveram os sistemas de informa\u00e7\u00e3o para atender \u00e0s normas vigentes.<\/li><\/ul>\n\n\n\n<p class=\"wp-block-paragraph\">Cr\u00edticas<br>O senador Fabiano Contarato (PT-ES) criticou a iniciativa e afirmou que votaria contra a proposta. Segundo o petista, a Anvisa emitiu parecer contr\u00e1rio ao texto no ano passado.<br>&#8220;A quem se destina a favorecer este projeto de lei? Eu n\u00e3o tenho d\u00favida: ele vai favorecer a ind\u00fastria farmac\u00eautica. Ele revoga o art. 4\u00ba, que diz que o \u00f3rg\u00e3o de vigil\u00e2ncia sanit\u00e1ria federal competente implementar\u00e1 e coordenar\u00e1 o Sistema Nacional de Controle de Medicamentos. Isso vai ficar para a iniciativa privada. \u00c9 inadmiss\u00edvel n\u00f3s votarmos este projeto de lei&#8221;, disse Contarato.<\/p>","protected":false},"excerpt":{"rendered":"<p>Embalagens ter\u00e3o QR Code para leitura da bula, mas tamb\u00e9m dever\u00e3o apresentar a vers\u00e3o impressa<\/p>","protected":false},"author":3,"featured_media":9237,"comment_status":"open","ping_status":"open","sticky":false,"template":"","format":"standard","meta":{"_crdt_document":"","footnotes":""},"categories":[36],"tags":[],"class_list":["post-9236","post","type-post","status-publish","format-standard","has-post-thumbnail","hentry","category-brasil"],"brizy_media":[],"_links":{"self":[{"href":"https:\/\/jornalcorporativo.com.br\/en\/wp-json\/wp\/v2\/posts\/9236","targetHints":{"allow":["GET"]}}],"collection":[{"href":"https:\/\/jornalcorporativo.com.br\/en\/wp-json\/wp\/v2\/posts"}],"about":[{"href":"https:\/\/jornalcorporativo.com.br\/en\/wp-json\/wp\/v2\/types\/post"}],"author":[{"embeddable":true,"href":"https:\/\/jornalcorporativo.com.br\/en\/wp-json\/wp\/v2\/users\/3"}],"replies":[{"embeddable":true,"href":"https:\/\/jornalcorporativo.com.br\/en\/wp-json\/wp\/v2\/comments?post=9236"}],"version-history":[{"count":0,"href":"https:\/\/jornalcorporativo.com.br\/en\/wp-json\/wp\/v2\/posts\/9236\/revisions"}],"wp:featuredmedia":[{"embeddable":true,"href":"https:\/\/jornalcorporativo.com.br\/en\/wp-json\/wp\/v2\/media\/9237"}],"wp:attachment":[{"href":"https:\/\/jornalcorporativo.com.br\/en\/wp-json\/wp\/v2\/media?parent=9236"}],"wp:term":[{"taxonomy":"category","embeddable":true,"href":"https:\/\/jornalcorporativo.com.br\/en\/wp-json\/wp\/v2\/categories?post=9236"},{"taxonomy":"post_tag","embeddable":true,"href":"https:\/\/jornalcorporativo.com.br\/en\/wp-json\/wp\/v2\/tags?post=9236"}],"curies":[{"name":"wp","href":"https:\/\/api.w.org\/{rel}","templated":true}]}}