{"id":9240,"date":"2022-05-12T14:11:33","date_gmt":"2022-05-12T17:11:33","guid":{"rendered":"https:\/\/jornalcorporativo.com.br\/?p=9240"},"modified":"2022-05-12T14:11:36","modified_gmt":"2022-05-12T17:11:36","slug":"fachin-diz-que-ninguem-e-nada-interferira-na-justica-eleitoral","status":"publish","type":"post","link":"https:\/\/jornalcorporativo.com.br\/en\/politica\/fachin-diz-que-ninguem-e-nada-interferira-na-justica-eleitoral\/","title":{"rendered":"Fachin diz que: &#8216;Ningu\u00e9m e nada interferir\u00e1 na Justi\u00e7a Eleitoral&#8217;"},"content":{"rendered":"\n<p class=\"wp-block-paragraph\">O presidente do Tribunal Superior Eleitoral (TSE), ministro Edson Fachin, disse quinta-feira (12) que o pa\u00eds ter\u00e1 elei\u00e7\u00f5es limpas e que &#8220;ningu\u00e9m e nada interferir\u00e1&#8221; na Justi\u00e7a Eleitoral. Ele afirmou ainda, num trocadilho com a express\u00e3o &#8220;For\u00e7as Armadas&#8221;, que quem cuida das elei\u00e7\u00f5es s\u00e3o as &#8220;for\u00e7as desarmadas&#8221;.<\/p>\n\n\n\n<p class=\"wp-block-paragraph\">Fachin deu as declara\u00e7\u00f5es durante visita \u00e0 sala do tribunal onde est\u00e3o sendo realizados testes de seguran\u00e7a nas urnas eletr\u00f4nicas.<br>&#8220;Pa\u00eds e sociedade agradecem. Vamos ter dia 2 de outubro, o Brasil ter\u00e1 elei\u00e7\u00f5es limpas, seguras, com paz e seguran\u00e7a. Ningu\u00e9m e nada interferir\u00e1 na Justi\u00e7a Eleitoral. N\u00e3o admitimos qualquer circunst\u00e2ncia que impe\u00e7a o brasileiro de se manifestar&#8221;, afirmou Fachin.<br>&#8220;Quem vai ganhar as elei\u00e7\u00f5es \u00e9 a democracia. N\u00f3s vamos diplomar os eleitos e isso certamente acontecer\u00e1. H\u00e1 muito barulho, mas este tribunal opera com racionalidade t\u00e9cnica&#8221;, concluiu.<\/p>\n\n\n\n<p class=\"wp-block-paragraph\">Apesar de autoridades repetirem diariamente que as urnas s\u00e3o seguras e de o pr\u00f3prio Bolsonaro j\u00e1 ter admitido que n\u00e3o tem elementos para apontar irregularidades, o presidente da Rep\u00fablica persiste na estrat\u00e9gia de criar suspeitas sobre o processo eleitoral.<\/p>\n\n\n\n<p class=\"wp-block-paragraph\">Questionado sobre essa postura de Bolsonaro, Fachin respondeu que quem atenta contra o processo eleitoral est\u00e1, na verdade, agindo contra a democracia.<br>&#8220;N\u00e3o mando e n\u00e3o recebo recado de ningu\u00e9m. A afirma\u00e7\u00e3o \u00e9 muito n\u00edtida. Quem investe contra o processo eleitoral investe contra a democracia. \u00c9 um fato, e fato fala por si s\u00f3. N\u00e3o se trata de recado, \u00e9 uma constata\u00e7\u00e3o. Temos respeito a todo chefe de Estado e jamais nos furtaremos ao di\u00e1logo&#8221;, disse Fachin.<\/p>\n\n\n\n<p class=\"wp-block-paragraph\">Bolsonaro chegou a sugerir que as For\u00e7as Armadas fa\u00e7am uma apura\u00e7\u00e3o paralela dos votos. Sobre esse ponto, Fachin disse que aceita colabora\u00e7\u00f5es, mas que a palavra final \u00e9 da Justi\u00e7a Eleitoral.<br>&#8220;Quem trata de elei\u00e7\u00e3o s\u00e3o for\u00e7as desarmadas e, portanto, dizem respeito \u00e0 popula\u00e7\u00e3o civil , que de maneira livre e consciente escolhe seus representantes. Logo, di\u00e1logo sim, colabora\u00e7\u00e3o sim, mas a palavra final \u00e9 da Justi\u00e7a Eleitoral&#8221;, completou Fachin.<\/p>\n\n\n\n<p class=\"wp-block-paragraph\">O presidente do TSE disse ainda que a Justi\u00e7a Eleitoral n\u00e3o vai se dobrar a quem quiser tomar as r\u00e9deas das elei\u00e7\u00f5es.<br>&#8220;A Justi\u00e7a Eleitoral est\u00e1 aberta a ouvir, mas jamais estar\u00e1 aberta a se dobrar a quem quer que seja [que queira] tomar as r\u00e9deas do processo eleitoral&#8221;, completou.<\/p>\n","protected":false},"excerpt":{"rendered":"<p>Presidente do TSE afirmou que Justi\u00e7a Eleitoral n\u00e3o vai se dobrar a quem quiser &#8216;tomar as r\u00e9deas das elei\u00e7\u00f5es&#8217;<\/p>","protected":false},"author":3,"featured_media":9241,"comment_status":"open","ping_status":"open","sticky":false,"template":"","format":"standard","meta":{"_crdt_document":"","footnotes":""},"categories":[7],"tags":[],"class_list":["post-9240","post","type-post","status-publish","format-standard","has-post-thumbnail","hentry","category-politica"],"brizy_media":[],"_links":{"self":[{"href":"https:\/\/jornalcorporativo.com.br\/en\/wp-json\/wp\/v2\/posts\/9240","targetHints":{"allow":["GET"]}}],"collection":[{"href":"https:\/\/jornalcorporativo.com.br\/en\/wp-json\/wp\/v2\/posts"}],"about":[{"href":"https:\/\/jornalcorporativo.com.br\/en\/wp-json\/wp\/v2\/types\/post"}],"author":[{"embeddable":true,"href":"https:\/\/jornalcorporativo.com.br\/en\/wp-json\/wp\/v2\/users\/3"}],"replies":[{"embeddable":true,"href":"https:\/\/jornalcorporativo.com.br\/en\/wp-json\/wp\/v2\/comments?post=9240"}],"version-history":[{"count":0,"href":"https:\/\/jornalcorporativo.com.br\/en\/wp-json\/wp\/v2\/posts\/9240\/revisions"}],"wp:featuredmedia":[{"embeddable":true,"href":"https:\/\/jornalcorporativo.com.br\/en\/wp-json\/wp\/v2\/media\/9241"}],"wp:attachment":[{"href":"https:\/\/jornalcorporativo.com.br\/en\/wp-json\/wp\/v2\/media?parent=9240"}],"wp:term":[{"taxonomy":"category","embeddable":true,"href":"https:\/\/jornalcorporativo.com.br\/en\/wp-json\/wp\/v2\/categories?post=9240"},{"taxonomy":"post_tag","embeddable":true,"href":"https:\/\/jornalcorporativo.com.br\/en\/wp-json\/wp\/v2\/tags?post=9240"}],"curies":[{"name":"wp","href":"https:\/\/api.w.org\/{rel}","templated":true}]}}