{"id":9336,"date":"2022-05-19T15:37:25","date_gmt":"2022-05-19T18:37:25","guid":{"rendered":"https:\/\/jornalcorporativo.com.br\/?p=9336"},"modified":"2022-05-19T15:37:28","modified_gmt":"2022-05-19T18:37:28","slug":"o-bem-sucedido-metodo-para-acabar-com-o-bullying-nas-escolas","status":"publish","type":"post","link":"https:\/\/jornalcorporativo.com.br\/en\/saude-natural\/o-bem-sucedido-metodo-para-acabar-com-o-bullying-nas-escolas\/","title":{"rendered":"O bem-sucedido m\u00e9todo para acabar com o bullying nas escolas"},"content":{"rendered":"<p class=\"wp-block-paragraph\">Qualquer pessoa que tenha sido v\u00edtima de bullying quando crian\u00e7a entender\u00e1 os sentimentos de vergonha que este tipo de experi\u00eancia pode trazer. E as consequ\u00eancias n\u00e3o param por a\u00ed.<\/p>\n\n\n\n<p class=\"wp-block-paragraph\">Pesquisas recentes sugerem que os efeitos do bullying infantil podem durar d\u00e9cadas, com mudan\u00e7as duradouras que podem nos colocar em maior risco de problemas de sa\u00fade mental e f\u00edsicos.<br>Tais descobertas est\u00e3o levando um n\u00famero cada vez maior de educadores a mudar seu ponto de vista sobre o bullying \u2014 de um elemento inevit\u00e1vel do crescimento para uma viola\u00e7\u00e3o dos direitos humanos das crian\u00e7as.<br>&#8220;As pessoas costumavam pensar que o bullying nas escolas \u00e9 um comportamento normal e que, em alguns casos, poderia at\u00e9 ser algo bom \u2014 porque forma o car\u00e1ter&#8221;, explica Louise Arseneault, professora de psicologia do desenvolvimento da Universidade King&#8217;s College London, no Reino Unido.<\/p>\n\n\n\n<p class=\"wp-block-paragraph\">Mente inflamada, corpo inflamado<br>Pode haver pouca d\u00favida de que o bullying \u00e9 um s\u00e9rio risco para a sa\u00fade mental das crian\u00e7as a curto prazo, com as consequ\u00eancias mais not\u00e1veis \u200b\u200bsendo ansiedade elevada, depress\u00e3o e pensamento paranoico.<\/p>\n\n\n\n<p class=\"wp-block-paragraph\">Embora alguns destes sintomas possam desaparecer naturalmente quando o bullying acaba, muitas v\u00edtimas continuam sofrendo um risco maior de problemas de sa\u00fade mental.<\/p>\n\n\n\n<p class=\"wp-block-paragraph\">De acordo com um artigo recente da Harvard Review of Psychiatry, uma mulher que sofreu bullying quando crian\u00e7a tem 27 vezes mais chance de ter transtorno de p\u00e2nico no in\u00edcio da vida adulta.<br>Entre os homens, o bullying na inf\u00e2ncia resultou em um aumento de 18 vezes em pensamentos e comportamentos suicidas.<br>Compartilhar \u00e9 cuidar<br>O bullying n\u00e3o acaba na escola, \u00e9 claro, e Limber argumenta que os pais e cuidadores devem estar atentos a sinais que indicam que pode haver um problema.<br>&#8220;Voc\u00ea deve ser proativo e puxar o assunto \u2014 n\u00e3o espere que ele apare\u00e7a&#8221;, diz ela.<\/p>\n\n\n\n<p class=\"wp-block-paragraph\">&#8220;Voc\u00ea pode fazer isso como parte de uma conversa do tipo: &#8216;Como v\u00e3o as coisas com seus amigos? Voc\u00ea tem algum problema?&#8217;.&#8221;<br>Ela enfatiza que o adulto deve levar a s\u00e9rio as preocupa\u00e7\u00f5es da crian\u00e7a \u2014 mesmo que pare\u00e7am triviais de uma perspectiva externa \u2014, ao mesmo tempo que mant\u00e9m a cabe\u00e7a fria.<br>&#8220;Ou\u00e7a atentamente e tente manter suas emo\u00e7\u00f5es sob controle enquanto escuta.&#8221;<\/p>\n\n\n\n<p class=\"wp-block-paragraph\">Se for o caso, o pai ou respons\u00e1vel deve iniciar uma conversa com a escola, que deve elaborar imediatamente um plano para garantir que a crian\u00e7a se sinta segura.<\/p>","protected":false},"excerpt":{"rendered":"<p>O bullying pode causar at\u00e9 problemas de sa\u00fade, mas cientistas est\u00e3o descobrindo maneiras poderosas de combat\u00ea-lo<\/p>","protected":false},"author":3,"featured_media":9337,"comment_status":"open","ping_status":"open","sticky":false,"template":"","format":"standard","meta":{"_crdt_document":"","footnotes":""},"categories":[8],"tags":[],"class_list":["post-9336","post","type-post","status-publish","format-standard","has-post-thumbnail","hentry","category-saude-natural"],"brizy_media":[],"_links":{"self":[{"href":"https:\/\/jornalcorporativo.com.br\/en\/wp-json\/wp\/v2\/posts\/9336","targetHints":{"allow":["GET"]}}],"collection":[{"href":"https:\/\/jornalcorporativo.com.br\/en\/wp-json\/wp\/v2\/posts"}],"about":[{"href":"https:\/\/jornalcorporativo.com.br\/en\/wp-json\/wp\/v2\/types\/post"}],"author":[{"embeddable":true,"href":"https:\/\/jornalcorporativo.com.br\/en\/wp-json\/wp\/v2\/users\/3"}],"replies":[{"embeddable":true,"href":"https:\/\/jornalcorporativo.com.br\/en\/wp-json\/wp\/v2\/comments?post=9336"}],"version-history":[{"count":0,"href":"https:\/\/jornalcorporativo.com.br\/en\/wp-json\/wp\/v2\/posts\/9336\/revisions"}],"wp:featuredmedia":[{"embeddable":true,"href":"https:\/\/jornalcorporativo.com.br\/en\/wp-json\/wp\/v2\/media\/9337"}],"wp:attachment":[{"href":"https:\/\/jornalcorporativo.com.br\/en\/wp-json\/wp\/v2\/media?parent=9336"}],"wp:term":[{"taxonomy":"category","embeddable":true,"href":"https:\/\/jornalcorporativo.com.br\/en\/wp-json\/wp\/v2\/categories?post=9336"},{"taxonomy":"post_tag","embeddable":true,"href":"https:\/\/jornalcorporativo.com.br\/en\/wp-json\/wp\/v2\/tags?post=9336"}],"curies":[{"name":"wp","href":"https:\/\/api.w.org\/{rel}","templated":true}]}}