{"id":9416,"date":"2022-05-25T14:30:15","date_gmt":"2022-05-25T17:30:15","guid":{"rendered":"https:\/\/jornalcorporativo.com.br\/?p=9416"},"modified":"2022-05-25T14:30:18","modified_gmt":"2022-05-25T17:30:18","slug":"brasileiro-sub-20-ednaldo-justifica-regionalizacao-por-corte-de-custos","status":"publish","type":"post","link":"https:\/\/jornalcorporativo.com.br\/en\/esportes\/brasileiro-sub-20-ednaldo-justifica-regionalizacao-por-corte-de-custos\/","title":{"rendered":"Brasileiro sub-20: Ednaldo justifica regionaliza\u00e7\u00e3o por corte de custos"},"content":{"rendered":"<p class=\"wp-block-paragraph\">O presidente da CBF, Ednaldo Rodrigues, ainda n\u00e3o confirma a realiza\u00e7\u00e3o de todas competi\u00e7\u00f5es de base e de futebol feminino neste ano. Ele defendeu a avalia\u00e7\u00e3o completa de custos e a possibilidade de mudan\u00e7as no formato destes torneios.<\/p>\n\n\n\n<p class=\"wp-block-paragraph\">Um deles \u00e9 o Brasileiro sub-20 masculino, que tem nova previs\u00e3o de in\u00edcio no domingo (29). Inicialmente, deveria come\u00e7ar dia 24 de abril. Mas em novo formato, com regionaliza\u00e7\u00e3o de grupos, como o ge publicou na \u00faltima quinta-feira.<\/p>\n\n\n\n<p class=\"wp-block-paragraph\">Ednaldo disse que, ap\u00f3s a elei\u00e7\u00e3o na CBF em mar\u00e7o, era &#8220;natural revermos or\u00e7amentos&#8221;, mas foi al\u00e9m e disse que n\u00e3o havia or\u00e7amento definido para algumas competi\u00e7\u00f5es, indicando gastos muito altos para a realiza\u00e7\u00e3o.<\/p>\n\n\n\n<ul class=\"wp-block-list\"><li>As competi\u00e7\u00f5es ser\u00e3o reavaliadas, em formatos que possam dar competitividade e diminuir custos. Tem tr\u00eas clubes de um estado que jogam entre eles e praticamente n\u00e3o saem para jogar, evitando assim tr\u00eas viagens. E tem grupos que estavam sendo feitos que um clube era prejudicado, viajando seis vezes para cumprir a programa\u00e7\u00e3o. Por isso, a parte t\u00e9cnica est\u00e1 estudando totalmente a competi\u00e7\u00e3o &#8211; justificou o presidente da CBF.<\/li><\/ul>\n\n\n\n<p class=\"wp-block-paragraph\">A nova divis\u00e3o prev\u00ea chave com 10 times, com os cinco clubes de S\u00e3o Paulo (Corinthians, S\u00e3o Paulo, Santos, Palmeiras e Bragantino), dois do Rio Grande do Sul (Gr\u00eamio e Inter), um do Paran\u00e1 (Athletico), um de Santa Catarina (Chapecoense), um de Goi\u00e1s (Atl\u00e9tico-GO).<\/p>\n\n\n\n<p class=\"wp-block-paragraph\">Do outro lado est\u00e3o os quatro do Rio (Botafogo, Flamengo, Fluminense e Vasco), tr\u00eas de Minas Gerais (Am\u00e9rica-MG, Atl\u00e9tico-MG e Cruzeiro), tr\u00eas da regi\u00e3o Nordeste (dois cearenses, com Fortaleza e Cear\u00e1, e o Bahia, da Bahia).<\/p>\n\n\n\n<p class=\"wp-block-paragraph\">Por outro lado, o presidente da CBF deixou no ar, de fato, a possibilidade de exclus\u00e3o do torneio sub-23, que envolvia 16 clubes. Ednaldo recebeu protesto de presidentes de clubes nos \u00faltimos dias, disse que respeita as manifesta\u00e7\u00f5es, mas contestou os gastos. E disse que a CBF convive com as cr\u00edticas, mas vai agir de maneira transparente.<\/p>\n\n\n\n<ul class=\"wp-block-list\"><li>Bom lembrar que a CBF banca 100% da competi\u00e7\u00e3o. Em viagens, hospedagens, alimenta\u00e7\u00e3o, traslados, arbitragem. Ent\u00e3o \u00e9 natural que quem paga a conta procure ver a forma mais correta a ser paga. Que tenham mais paci\u00eancia porque n\u00e3o pretendemos excluir, mas reavaliar sim &#8211; comentou Ednaldo, sem deixar de alfinetar a antiga gest\u00e3o.<\/li><\/ul>","protected":false},"excerpt":{"rendered":"<p>Com protesto de parte dos 16 clubes, presidente da CBF diz que &#8220;\u00e9 natural que quem paga a conta&#8221; reavalie or\u00e7amento<\/p>","protected":false},"author":3,"featured_media":9417,"comment_status":"open","ping_status":"open","sticky":false,"template":"","format":"standard","meta":{"_crdt_document":"","footnotes":""},"categories":[6],"tags":[],"class_list":["post-9416","post","type-post","status-publish","format-standard","has-post-thumbnail","hentry","category-esportes"],"brizy_media":[],"_links":{"self":[{"href":"https:\/\/jornalcorporativo.com.br\/en\/wp-json\/wp\/v2\/posts\/9416","targetHints":{"allow":["GET"]}}],"collection":[{"href":"https:\/\/jornalcorporativo.com.br\/en\/wp-json\/wp\/v2\/posts"}],"about":[{"href":"https:\/\/jornalcorporativo.com.br\/en\/wp-json\/wp\/v2\/types\/post"}],"author":[{"embeddable":true,"href":"https:\/\/jornalcorporativo.com.br\/en\/wp-json\/wp\/v2\/users\/3"}],"replies":[{"embeddable":true,"href":"https:\/\/jornalcorporativo.com.br\/en\/wp-json\/wp\/v2\/comments?post=9416"}],"version-history":[{"count":0,"href":"https:\/\/jornalcorporativo.com.br\/en\/wp-json\/wp\/v2\/posts\/9416\/revisions"}],"wp:featuredmedia":[{"embeddable":true,"href":"https:\/\/jornalcorporativo.com.br\/en\/wp-json\/wp\/v2\/media\/9417"}],"wp:attachment":[{"href":"https:\/\/jornalcorporativo.com.br\/en\/wp-json\/wp\/v2\/media?parent=9416"}],"wp:term":[{"taxonomy":"category","embeddable":true,"href":"https:\/\/jornalcorporativo.com.br\/en\/wp-json\/wp\/v2\/categories?post=9416"},{"taxonomy":"post_tag","embeddable":true,"href":"https:\/\/jornalcorporativo.com.br\/en\/wp-json\/wp\/v2\/tags?post=9416"}],"curies":[{"name":"wp","href":"https:\/\/api.w.org\/{rel}","templated":true}]}}