{"id":9424,"date":"2022-05-25T19:38:20","date_gmt":"2022-05-25T22:38:20","guid":{"rendered":"https:\/\/jornalcorporativo.com.br\/?p=9424"},"modified":"2022-05-25T19:38:23","modified_gmt":"2022-05-25T22:38:23","slug":"massacre-em-escola-no-texas-o-que-se-sabe","status":"publish","type":"post","link":"https:\/\/jornalcorporativo.com.br\/en\/internacional\/massacre-em-escola-no-texas-o-que-se-sabe\/","title":{"rendered":"Massacre em escola no Texas: o que se sabe?"},"content":{"rendered":"<p class=\"wp-block-paragraph\">Ao menos 19 crian\u00e7as e duas professoras morreram no massacre a uma escola de ensino fundamental da cidade de Uvalde, no Texas, nesta ter\u00e7a-feira (24), informaram as autoridades americanas.<br>O ataque j\u00e1 \u00e9 considerado o mais mortal do pa\u00eds desde o tiroteio na escola Sandy Hook, em 2012, quando 20 crian\u00e7as e seis adultos foram mortos a tiros.<br>O assassino, um homem de 18 anos, morreu no local ap\u00f3s trocar tiros com a pol\u00edcia. As motiva\u00e7\u00f5es do crime ainda s\u00e3o desconhecidas. Pouco antes do massacre, o atirador atirou contra a av\u00f3 e fugiu de carro, causando um acidente.<\/p>\n\n\n\n<ol class=\"wp-block-list\"><li>Quem s\u00e3o as v\u00edtimas?<br>Ao menos 19 crian\u00e7as e duas professoras morreram no ataque, segundo o senador texano Roland Gutierrez. Sabe-se que a escola recebia alunos de 5 a 10 anos. Autoridades locais afirmaram que todas as v\u00edtimas estavam em uma mesma sala de aula.<br>Nesta quarta-feira (25), os nomes e a hist\u00f3rias das v\u00edtimas come\u00e7aram a ser conhecidos. Entre eles, os alunos Xavier Lopez, 10; Nevaeh Bravo; Amerie Jo Garza, 10; Uziyah Garcia, 9; e as professoras Irma Garcia e Eva Mireles.<\/li><li>Quem \u00e9 o agressor?<br>O criminoso foi identificado pelas autoridades como Salvador Roma, de 18 anos. Ele morreu no local ap\u00f3s uma troca de tiros com a pol\u00edcia, e as motiva\u00e7\u00f5es do crime n\u00e3o foram divulgadas.<br>Pouco antes de causar o massacre na escola, o agressor atirou contra a pr\u00f3pria av\u00f3, que foi hospitalizada.<\/li><li>Onde o crime ocorreu?<br>O incidente foi registrado na escola Robb Elementary, na cidade de Uvalde, a 130 km de San Antonio.<br>O caso j\u00e1 \u00e9 considerado como o mais mortal dos EUA desde o massacre na escola Sandy Hook, em Connecticut, que deixou 26 pessoas mortas \u2013 20 crian\u00e7as entre 6 e 7 anos e seis adultos \u2013 em 2012.<\/li><li>Ainda h\u00e1 feridos?<br>Parte dos estudantes deram entrada em um hospital da regi\u00e3o com ferimentos. O banco de sangue da cidade precisou fazer um pedido para doa\u00e7\u00f5es.<br>Uma crian\u00e7a e uma mulher de 62 anos precisaram ser transferidas para uma cidade vizinha para serem atendidas em um centro de sa\u00fade especializado em traumas.<\/li><\/ol>","protected":false},"excerpt":{"rendered":"<p>Ao menos 19 crian\u00e7as e duas professoras morreram. Ataque na cidade de Uvalde j\u00e1 \u00e9 considerado o mais mortal do pa\u00eds desde 2012<\/p>","protected":false},"author":3,"featured_media":9425,"comment_status":"open","ping_status":"open","sticky":false,"template":"","format":"standard","meta":{"_crdt_document":"","footnotes":""},"categories":[2],"tags":[],"class_list":["post-9424","post","type-post","status-publish","format-standard","has-post-thumbnail","hentry","category-internacional"],"brizy_media":[],"_links":{"self":[{"href":"https:\/\/jornalcorporativo.com.br\/en\/wp-json\/wp\/v2\/posts\/9424","targetHints":{"allow":["GET"]}}],"collection":[{"href":"https:\/\/jornalcorporativo.com.br\/en\/wp-json\/wp\/v2\/posts"}],"about":[{"href":"https:\/\/jornalcorporativo.com.br\/en\/wp-json\/wp\/v2\/types\/post"}],"author":[{"embeddable":true,"href":"https:\/\/jornalcorporativo.com.br\/en\/wp-json\/wp\/v2\/users\/3"}],"replies":[{"embeddable":true,"href":"https:\/\/jornalcorporativo.com.br\/en\/wp-json\/wp\/v2\/comments?post=9424"}],"version-history":[{"count":0,"href":"https:\/\/jornalcorporativo.com.br\/en\/wp-json\/wp\/v2\/posts\/9424\/revisions"}],"wp:featuredmedia":[{"embeddable":true,"href":"https:\/\/jornalcorporativo.com.br\/en\/wp-json\/wp\/v2\/media\/9425"}],"wp:attachment":[{"href":"https:\/\/jornalcorporativo.com.br\/en\/wp-json\/wp\/v2\/media?parent=9424"}],"wp:term":[{"taxonomy":"category","embeddable":true,"href":"https:\/\/jornalcorporativo.com.br\/en\/wp-json\/wp\/v2\/categories?post=9424"},{"taxonomy":"post_tag","embeddable":true,"href":"https:\/\/jornalcorporativo.com.br\/en\/wp-json\/wp\/v2\/tags?post=9424"}],"curies":[{"name":"wp","href":"https:\/\/api.w.org\/{rel}","templated":true}]}}