{"id":9649,"date":"2022-06-13T16:29:47","date_gmt":"2022-06-13T19:29:47","guid":{"rendered":"https:\/\/jornalcorporativo.com.br\/?p=9649"},"modified":"2022-06-13T16:29:50","modified_gmt":"2022-06-13T19:29:50","slug":"marcelo-se-despede-do-real-madrid-apos-15-anos-e-descarta-aposentadoria","status":"publish","type":"post","link":"https:\/\/jornalcorporativo.com.br\/en\/esportes\/marcelo-se-despede-do-real-madrid-apos-15-anos-e-descarta-aposentadoria\/","title":{"rendered":"Marcelo se despede do Real Madrid ap\u00f3s 15 anos e descarta aposentadoria"},"content":{"rendered":"<p class=\"wp-block-paragraph\">A trajet\u00f3ria vitoriosa de Marcelo no Real Madrid chegou ao fim. O lateral se despediu de forma oficial do clube merengue nesta segunda-feira, em evento oficial realizado no est\u00e1dio Santiago Bernab\u00e9u, junto ao presidente Florentino P\u00e9rez. O brasileiro concedeu uma \u00faltima entrevista coletiva e posou ao lado dos 25 trof\u00e9us que conquistou na equipe, descartando a aposentadoria.<\/p>\n\n\n\n<ul class=\"wp-block-list\"><li>Hoje \u00e9 o dia mais feliz desde que cheguei ao Real. Porque estou saindo e percebo que deixei um legado. Meus companheiros n\u00e3o me veem como Marcelo que faz pouco, mas como uma grande pessoa. N\u00e3o penso muito no futuro\u2026 O mais dif\u00edcil \u00e9 dizer adeus. Vestir esta camisa \u00e9 a coisa mais linda. O futuro n\u00e3o me assusta porque a hist\u00f3ria j\u00e1 est\u00e1 escrita &#8211; disse.<\/li><\/ul>\n\n\n\n<p class=\"wp-block-paragraph\">Florentino foi o mestre de cerim\u00f4nias para a despedida de Marcelo e tentou demonstrar carinho pelo atleta ao longo do evento. Ele afirmou que o brasileiro, que chegou ao clube aos 18 anos, em 2007, vindo do Fluminense, se tornou homem no clube espanhol.<\/p>\n\n\n\n<ul class=\"wp-block-list\"><li>Caro Marcelo, voc\u00ea realizou todos os sonhos. Ganhou absolutamente tudo, um total de 25 t\u00edtulos. \u00c9 sem d\u00favidas um dos melhores defensores da hist\u00f3ria do futebol mundial. O Real Madrid \u00e9 e sempre ser\u00e1 a sua casa. Voc\u00ea tem que estar muito orgulhoso de tudo que conquistou no melhor clube do mundo &#8211; afirmou o mandat\u00e1rio.<\/li><\/ul>\n\n\n\n<p class=\"wp-block-paragraph\">Marcelo se mostrou muito emocionado ao longo de toda a cerim\u00f4nia. Quando foi realizar seu pronunciamento, caiu em l\u00e1grimas, e depois fez agradecimentos a funcion\u00e1rios, familiares, companheiros e ex-companheiros, como o ex-atacante Ra\u00fal.<br>Em sua entrevista coletiva, Marcelo preferiu fugir de compara\u00e7\u00f5es com o ex-lateral Roberto Carlos, outra lenda merengue e de quem acabou sendo substituto. E destacou que &#8220;n\u00e3o h\u00e1 outro como Roberto&#8221;, e que o compatriota &#8220;\u00e9 o melhor da hist\u00f3ria.<\/p>\n\n\n\n<p class=\"wp-block-paragraph\">O brasileiro indicou que teve sorte de jogar no Real Madrid e n\u00e3o ter sofrido com les\u00f5es. Al\u00e9m disso, pontuou como reagiu nas \u00faltimas temporadas, quando perdeu espa\u00e7o e passou a ser um atleta experiente que auxiliava mais fora do campo.<\/p>\n\n\n\n<ul class=\"wp-block-list\"><li>Eu falei com os treinadores e disse que queria jogar, mas os treinadores que decidem. Eu pude falar com eles, sentia que podia jogar mais, mas cada um tem sua filosofia. Nesta temporada eu entendi outra coisa, que o protagonismo n\u00e3o est\u00e1 em campo, mas em todos. Fui ego\u00edsta falando com Zidane e Ancelotti, mas entendi que poderia ajudar de outras maneiras. Mas claro que queria jogar me incomodava, porque no dia que isso n\u00e3o acontecer, me aposento &#8211; disse o jogador de 34 anos.<\/li><\/ul>","protected":false},"excerpt":{"rendered":"<p>Lateral concede entrevista, vai \u00e0s l\u00e1grimas e posa com 25 trof\u00e9us que conquistou, sendo o maior campe\u00e3o da hist\u00f3ria do clube<\/p>","protected":false},"author":3,"featured_media":9651,"comment_status":"open","ping_status":"open","sticky":false,"template":"","format":"standard","meta":{"_crdt_document":"","footnotes":""},"categories":[6],"tags":[],"class_list":["post-9649","post","type-post","status-publish","format-standard","has-post-thumbnail","hentry","category-esportes"],"brizy_media":[],"_links":{"self":[{"href":"https:\/\/jornalcorporativo.com.br\/en\/wp-json\/wp\/v2\/posts\/9649","targetHints":{"allow":["GET"]}}],"collection":[{"href":"https:\/\/jornalcorporativo.com.br\/en\/wp-json\/wp\/v2\/posts"}],"about":[{"href":"https:\/\/jornalcorporativo.com.br\/en\/wp-json\/wp\/v2\/types\/post"}],"author":[{"embeddable":true,"href":"https:\/\/jornalcorporativo.com.br\/en\/wp-json\/wp\/v2\/users\/3"}],"replies":[{"embeddable":true,"href":"https:\/\/jornalcorporativo.com.br\/en\/wp-json\/wp\/v2\/comments?post=9649"}],"version-history":[{"count":0,"href":"https:\/\/jornalcorporativo.com.br\/en\/wp-json\/wp\/v2\/posts\/9649\/revisions"}],"wp:featuredmedia":[{"embeddable":true,"href":"https:\/\/jornalcorporativo.com.br\/en\/wp-json\/wp\/v2\/media\/9651"}],"wp:attachment":[{"href":"https:\/\/jornalcorporativo.com.br\/en\/wp-json\/wp\/v2\/media?parent=9649"}],"wp:term":[{"taxonomy":"category","embeddable":true,"href":"https:\/\/jornalcorporativo.com.br\/en\/wp-json\/wp\/v2\/categories?post=9649"},{"taxonomy":"post_tag","embeddable":true,"href":"https:\/\/jornalcorporativo.com.br\/en\/wp-json\/wp\/v2\/tags?post=9649"}],"curies":[{"name":"wp","href":"https:\/\/api.w.org\/{rel}","templated":true}]}}