{"id":9674,"date":"2022-06-15T12:51:47","date_gmt":"2022-06-15T15:51:47","guid":{"rendered":"https:\/\/jornalcorporativo.com.br\/?p=9674"},"modified":"2022-06-15T12:51:50","modified_gmt":"2022-06-15T15:51:50","slug":"estagnacao-nas-pesquisas-leva-bolsonaro-a-avaliar-nome-de-tereza-cristina-como-vice","status":"publish","type":"post","link":"https:\/\/jornalcorporativo.com.br\/en\/politica\/estagnacao-nas-pesquisas-leva-bolsonaro-a-avaliar-nome-de-tereza-cristina-como-vice\/","title":{"rendered":"Estagna\u00e7\u00e3o nas pesquisas leva Bolsonaro a avaliar nome de Tereza Cristina como vice"},"content":{"rendered":"<p class=\"wp-block-paragraph\">Depois que o presidente Jair Bolsonaro parou de subir nas pesquisas e n\u00e3o conseguiu empatar nas inten\u00e7\u00f5es de voto com o ex-presidente Luiz In\u00e1cio Lula da Silva em junho, como previa o comit\u00ea da reelei\u00e7\u00e3o, a equipe do presidente da Rep\u00fablica voltou a defender o nome da ex-ministra da Agricultura Tereza Cristina para ser a candidata a vice no lugar de Braga Netto.<\/p>\n\n\n\n<p class=\"wp-block-paragraph\">Nesta ter\u00e7a-feira (14), por sinal, o pr\u00f3prio presidente admitiu essa hip\u00f3tese. Ele disse: (Braga Netto) \u00e9 um nome palat\u00e1vel, \u00e9 um nome de consenso, que sabe conversar com o Parlamento. \u00c9 um colega meu da Academia militar. Ele pode ser vice. Alguns querem a Tereza Cristina, um excelente nome tamb\u00e9m. Mas isso vai ser definido mais tarde&#8221;.<\/p>\n\n\n\n<p class=\"wp-block-paragraph\">Quando Bolsonaro come\u00e7ou a subir nas pesquisas, integrantes do comit\u00ea da reelei\u00e7\u00e3o do presidente e aliados chegaram a prever que ele empataria com Lula em junho e, no m\u00eas seguinte, j\u00e1 estaria numericamente \u00e0 frente do pr\u00e9-candidato do PT.<\/p>\n\n\n\n<p class=\"wp-block-paragraph\">S\u00f3 que, pelas \u00faltimas pesquisas, Bolsonaro estagnou com 27% a 30% das inten\u00e7\u00f5es de voto, parou de subir e sua campanha ficou dividida sobre a melhor estrat\u00e9gia para tentar a reelei\u00e7\u00e3o.<br>Diante desse cen\u00e1rio, assessores e aliados do presidente voltaram a defender que ele escolha para vice uma mulher, com o objetivo de tentar reduzir a rejei\u00e7\u00e3o do eleitorado feminino a seu nome.<\/p>\n\n\n\n<p class=\"wp-block-paragraph\">A prefer\u00eancia do Centr\u00e3o \u00e9 pelo nome da ex-ministra da Agricultura Tereza Cristina (PP-MS), hoje candidata ao Senado.<br>O nome da hoje deputada Tereza Cristina j\u00e1 foi defendido internamente como o melhor para ser vice, mas Bolsonaro manifestou sua prefer\u00eancia por Braga Netto, um general da reserva, que n\u00e3o representaria para ele nenhuma amea\u00e7a em um eventual segundo mandato.<\/p>\n\n\n\n<p class=\"wp-block-paragraph\">O presidente teme que seus aliados do Centr\u00e3o, caso enfrente uma crise, possam abrir um processo de impeachment e tir\u00e1-lo do Pal\u00e1cio do Planalto, colocando no seu lugar um vice (ou uma vice) mais alinhado ao grupo que hoje apoia Bolsonaro.<br>A estagna\u00e7\u00e3o nas pesquisas e o risco de perder a reelei\u00e7\u00e3o, por\u00e9m, est\u00e3o fazendo o presidente refletir sobre o melhor nome para formar sua chapa na disputa presidencial.<\/p>\n\n\n\n<p class=\"wp-block-paragraph\">Recentemente, frustrou o PL, por sinal, a decis\u00e3o da primeira-dama, Michelle Bolsonaro, de n\u00e3o participar das inser\u00e7\u00f5es comerciais do partido. O objetivo era usar a primeira-dama para reduzir a rejei\u00e7\u00e3o ao marido pelo p\u00fablico feminino.<\/p>","protected":false},"excerpt":{"rendered":"<p>Tereza Cristina j\u00e1 tinha sido indicada internamente como o melhor para ser vice, mas Bolsonaro prefere Braga Netto<\/p>","protected":false},"author":3,"featured_media":9675,"comment_status":"open","ping_status":"open","sticky":false,"template":"","format":"standard","meta":{"_crdt_document":"","footnotes":""},"categories":[7],"tags":[],"class_list":["post-9674","post","type-post","status-publish","format-standard","has-post-thumbnail","hentry","category-politica"],"brizy_media":[],"_links":{"self":[{"href":"https:\/\/jornalcorporativo.com.br\/en\/wp-json\/wp\/v2\/posts\/9674","targetHints":{"allow":["GET"]}}],"collection":[{"href":"https:\/\/jornalcorporativo.com.br\/en\/wp-json\/wp\/v2\/posts"}],"about":[{"href":"https:\/\/jornalcorporativo.com.br\/en\/wp-json\/wp\/v2\/types\/post"}],"author":[{"embeddable":true,"href":"https:\/\/jornalcorporativo.com.br\/en\/wp-json\/wp\/v2\/users\/3"}],"replies":[{"embeddable":true,"href":"https:\/\/jornalcorporativo.com.br\/en\/wp-json\/wp\/v2\/comments?post=9674"}],"version-history":[{"count":0,"href":"https:\/\/jornalcorporativo.com.br\/en\/wp-json\/wp\/v2\/posts\/9674\/revisions"}],"wp:featuredmedia":[{"embeddable":true,"href":"https:\/\/jornalcorporativo.com.br\/en\/wp-json\/wp\/v2\/media\/9675"}],"wp:attachment":[{"href":"https:\/\/jornalcorporativo.com.br\/en\/wp-json\/wp\/v2\/media?parent=9674"}],"wp:term":[{"taxonomy":"category","embeddable":true,"href":"https:\/\/jornalcorporativo.com.br\/en\/wp-json\/wp\/v2\/categories?post=9674"},{"taxonomy":"post_tag","embeddable":true,"href":"https:\/\/jornalcorporativo.com.br\/en\/wp-json\/wp\/v2\/tags?post=9674"}],"curies":[{"name":"wp","href":"https:\/\/api.w.org\/{rel}","templated":true}]}}