{"id":9678,"date":"2022-06-15T15:02:58","date_gmt":"2022-06-15T18:02:58","guid":{"rendered":"https:\/\/jornalcorporativo.com.br\/?p=9678"},"modified":"2022-06-15T15:03:02","modified_gmt":"2022-06-15T18:03:02","slug":"putin-tem-plano-de-fome-para-vencer-guerra-e-desestabilizar-europa","status":"publish","type":"post","link":"https:\/\/jornalcorporativo.com.br\/en\/internacional\/putin-tem-plano-de-fome-para-vencer-guerra-e-desestabilizar-europa\/","title":{"rendered":"Putin tem plano de fome para vencer guerra e desestabilizar Europa"},"content":{"rendered":"<p class=\"wp-block-paragraph\">O alerta para um novo est\u00e1gio de colonialismo e o mais recente cap\u00edtulo da pol\u00edtica da fome veio do historiador americano Timothy Snyder, num extenso t\u00f3pico publicado no s\u00e1bado (11) no Twitter: \u201cA R\u00fassia tem um plano de fome. Vladimir Putin est\u00e1 se preparando para matar de fome grande parte do mundo em desenvolvimento como o pr\u00f3ximo est\u00e1gio de sua guerra na Europa.\u201d<\/p>\n\n\n\n<p class=\"wp-block-paragraph\">Professor de Yale, especializado em Europa Central e Oriental, ele tra\u00e7ou tr\u00eas n\u00edveis na estrat\u00e9gia de Putin para matar asi\u00e1ticos e africanos de fome e vencer a guerra na Ucr\u00e2nia: destruir o Estado ucraniano, cortando suas exporta\u00e7\u00f5es; gerar uma onda de refugiados do Norte da \u00c1frica e do Oriente M\u00e9dio, regi\u00f5es que s\u00e3o alimentadas pela Ucr\u00e2nia, o que causaria instabilidade na UE; e desencadear uma campanha de propaganda russa para responsabilizar o pa\u00eds invadido pela fome mundial.<br>\u201cQuando os dist\u00farbios come\u00e7arem e a fome se espalhar, a propaganda russa culpar\u00e1 a Ucr\u00e2nia e exigir\u00e1 que os ganhos territoriais da R\u00fassia na Ucr\u00e2nia sejam reconhecidos e que todas as san\u00e7\u00f5es sejam levantadas\u201d, prev\u00ea o historiador.<br>No ranking mundial, a Ucr\u00e2nia aparece como o quinto maior exportador de trigo, o quarto maior de milho e o maior de \u00f3leo de girassol. O bloqueio do porto em Odessa pela R\u00fassia, assim como a destrui\u00e7\u00e3o de silos e equipamentos agr\u00edcolas, v\u00eam impedindo a exporta\u00e7\u00e3o da safra, destinada, sobretudo, a pa\u00edses da \u00c1frica e do Oriente M\u00e9dio.<\/p>\n\n\n\n<p class=\"wp-block-paragraph\">O controle da agricultura ucraniana, para provocar o que o historiador Snyder chamou de horror da fome, encontra paralelos em a\u00e7\u00f5es patrocinadas por Josef Stalin e Adolf Hitler. Ele observa que o ditador nazista desejava redirecionar os gr\u00e3os ucranianos da Uni\u00e3o Sovi\u00e9tica para a Alemanha, na esperan\u00e7a de matar de fome milh\u00f5es de cidad\u00e3os sovi\u00e9ticos. J\u00e1 a agricultura coletivizada promovida pelo ditador sovi\u00e9tico matou cerca de quatro milh\u00f5es de ucranianos.<\/p>\n\n\n\n<p class=\"wp-block-paragraph\">A escassez de alimentos parece servir a Putin como t\u00e1tica de guerra. \u201cA pol\u00edtica de mem\u00f3ria russa preparou o caminho para um plano de fome do s\u00e9culo 21. Dizem aos russos que a fome de Stalin foi um acidente e que os ucranianos s\u00e3o nazistas. Isso faz com que roubo e bloqueio pare\u00e7am aceit\u00e1veis\u201d, escreveu Timothy Snyder.<\/p>","protected":false},"excerpt":{"rendered":"<p>Historiador v\u00ea paralelos em Hitler e Stalin na estrat\u00e9gia do presidente russo para controlar agricultura na Ucr\u00e2nia com bloqueio de portos<\/p>","protected":false},"author":3,"featured_media":9679,"comment_status":"open","ping_status":"open","sticky":false,"template":"","format":"standard","meta":{"_crdt_document":"","footnotes":""},"categories":[2],"tags":[],"class_list":["post-9678","post","type-post","status-publish","format-standard","has-post-thumbnail","hentry","category-internacional"],"brizy_media":[],"_links":{"self":[{"href":"https:\/\/jornalcorporativo.com.br\/en\/wp-json\/wp\/v2\/posts\/9678","targetHints":{"allow":["GET"]}}],"collection":[{"href":"https:\/\/jornalcorporativo.com.br\/en\/wp-json\/wp\/v2\/posts"}],"about":[{"href":"https:\/\/jornalcorporativo.com.br\/en\/wp-json\/wp\/v2\/types\/post"}],"author":[{"embeddable":true,"href":"https:\/\/jornalcorporativo.com.br\/en\/wp-json\/wp\/v2\/users\/3"}],"replies":[{"embeddable":true,"href":"https:\/\/jornalcorporativo.com.br\/en\/wp-json\/wp\/v2\/comments?post=9678"}],"version-history":[{"count":0,"href":"https:\/\/jornalcorporativo.com.br\/en\/wp-json\/wp\/v2\/posts\/9678\/revisions"}],"wp:featuredmedia":[{"embeddable":true,"href":"https:\/\/jornalcorporativo.com.br\/en\/wp-json\/wp\/v2\/media\/9679"}],"wp:attachment":[{"href":"https:\/\/jornalcorporativo.com.br\/en\/wp-json\/wp\/v2\/media?parent=9678"}],"wp:term":[{"taxonomy":"category","embeddable":true,"href":"https:\/\/jornalcorporativo.com.br\/en\/wp-json\/wp\/v2\/categories?post=9678"},{"taxonomy":"post_tag","embeddable":true,"href":"https:\/\/jornalcorporativo.com.br\/en\/wp-json\/wp\/v2\/tags?post=9678"}],"curies":[{"name":"wp","href":"https:\/\/api.w.org\/{rel}","templated":true}]}}