{"id":9682,"date":"2022-06-15T17:59:59","date_gmt":"2022-06-15T20:59:59","guid":{"rendered":"https:\/\/jornalcorporativo.com.br\/?p=9682"},"modified":"2022-06-15T18:00:03","modified_gmt":"2022-06-15T21:00:03","slug":"flamengo-segue-lider-em-nova-pesquisa-sobre-tamanho-das-torcidas","status":"publish","type":"post","link":"https:\/\/jornalcorporativo.com.br\/en\/esportes\/flamengo-segue-lider-em-nova-pesquisa-sobre-tamanho-das-torcidas\/","title":{"rendered":"Flamengo segue l\u00edder em nova pesquisa sobre tamanho das torcidas"},"content":{"rendered":"<p class=\"wp-block-paragraph\">O Flamengo se mant\u00e9m com a maior torcida do Brasil, indica pesquisa da Sport Track divulgada nesta ter\u00e7a-feira em um relat\u00f3rio da consultoria Convocados, em parceria com a XP.<\/p>\n\n\n\n<p class=\"wp-block-paragraph\">O levantamento indica que 24% dos brasileiros que se identificam com algum clube torcem para o Flamengo, n\u00famero superior ao dos \u00faltimos anos (era 22,5% em 2020 e 19,5% em 2018).<\/p>\n\n\n\n<p class=\"wp-block-paragraph\">Logo atr\u00e1s, aparecem, na ordem, Corinthians (18%), S\u00e3o Paulo (11,5%) e Palmeiras (9,8%).<\/p>\n\n\n\n<p class=\"wp-block-paragraph\">\u2014 A dist\u00e2ncia do Flamengo para o Corinthians \u00e9 relevante. O Corinthians \u00e9 um time de alcance nacional, mas o Flamengo \u00e9 o mais nacional de todos. A concentra\u00e7\u00e3o \u00e9 grande e puxada pela explica\u00e7\u00e3o dos clubes internacionais, que falamos do pilar da vit\u00f3ria, da exposi\u00e7\u00e3o, do desejo pela competi\u00e7\u00e3o. O time que ganha a Libertadores cresce, e vamos ver este reflexo na torcida do Palmeiras em alguns anos \u2014 explicou Rafael Plastina, CEO da Sport Track.<\/p>\n\n\n\n<p class=\"wp-block-paragraph\">Nos n\u00fameros de 2022, chama a aten\u00e7\u00e3o a presen\u00e7a do Gr\u00eamio como quinto clube de maior torcida, \u00e0 frente do Vasco, consolidando, agora com margem maior, uma vantagem que j\u00e1 havia aparecido na pesquisa anterior \u2013 mas que n\u00e3o se reflete na m\u00e9dia hist\u00f3ria do levantamento, feito desde 1993.<\/p>\n\n\n\n<p class=\"wp-block-paragraph\">O Tricolor tamb\u00e9m segue em vantagem sobre o Inter: 4,7% contra 2,9% no total de entrevistados.<\/p>\n\n\n\n<p class=\"wp-block-paragraph\">Tamb\u00e9m se consolida a maior presen\u00e7a de torcedores do Atl\u00e9tico-MG em compara\u00e7\u00e3o com o rival Cruzeiro. O Galo foi identificado como time do cora\u00e7\u00e3o de 3,7% das pessoas, contra 2,8% da Raposa. \u00c9 uma invers\u00e3o quando se analisam os n\u00fameros de 2018 (4,5% para o Cruzeiro e 3,1% para o Atl\u00e9tico-MG) e a m\u00e9dia hist\u00f3rica (3,4% para o Cruzeiro e 2,3% para o Atl\u00e9tico-MG).<\/p>\n\n\n\n<p class=\"wp-block-paragraph\">Diferen\u00e7as de idade<br>A pesquisa ainda mostrou que Cruzeiro e Flamengo t\u00eam as torcidas mais jovens do pa\u00eds, com 60% e 54%, respectivamente, na faixa de 16 a 34 anos.<\/p>\n\n\n\n<p class=\"wp-block-paragraph\">Santos e Fluminense, de acordo com o estudo, possuem os torcedores mais velhos.<\/p>\n\n\n\n<p class=\"wp-block-paragraph\">O Tricolor carioca conta com 47% na faixa de 34 a 54 anos e com 28% acima de 55. J\u00e1 o Peixe, com 31% entre 34 e 54 anos e 23% superior a 55.<\/p>","protected":false},"excerpt":{"rendered":"<p>24% dos brasileiros que se identificam com algum clube torcem para o Flamengo, n\u00famero superior ao dos \u00faltimos anos<\/p>","protected":false},"author":3,"featured_media":9683,"comment_status":"open","ping_status":"open","sticky":false,"template":"","format":"standard","meta":{"_crdt_document":"","footnotes":""},"categories":[6],"tags":[],"class_list":["post-9682","post","type-post","status-publish","format-standard","has-post-thumbnail","hentry","category-esportes"],"brizy_media":[],"_links":{"self":[{"href":"https:\/\/jornalcorporativo.com.br\/en\/wp-json\/wp\/v2\/posts\/9682","targetHints":{"allow":["GET"]}}],"collection":[{"href":"https:\/\/jornalcorporativo.com.br\/en\/wp-json\/wp\/v2\/posts"}],"about":[{"href":"https:\/\/jornalcorporativo.com.br\/en\/wp-json\/wp\/v2\/types\/post"}],"author":[{"embeddable":true,"href":"https:\/\/jornalcorporativo.com.br\/en\/wp-json\/wp\/v2\/users\/3"}],"replies":[{"embeddable":true,"href":"https:\/\/jornalcorporativo.com.br\/en\/wp-json\/wp\/v2\/comments?post=9682"}],"version-history":[{"count":0,"href":"https:\/\/jornalcorporativo.com.br\/en\/wp-json\/wp\/v2\/posts\/9682\/revisions"}],"wp:featuredmedia":[{"embeddable":true,"href":"https:\/\/jornalcorporativo.com.br\/en\/wp-json\/wp\/v2\/media\/9683"}],"wp:attachment":[{"href":"https:\/\/jornalcorporativo.com.br\/en\/wp-json\/wp\/v2\/media?parent=9682"}],"wp:term":[{"taxonomy":"category","embeddable":true,"href":"https:\/\/jornalcorporativo.com.br\/en\/wp-json\/wp\/v2\/categories?post=9682"},{"taxonomy":"post_tag","embeddable":true,"href":"https:\/\/jornalcorporativo.com.br\/en\/wp-json\/wp\/v2\/tags?post=9682"}],"curies":[{"name":"wp","href":"https:\/\/api.w.org\/{rel}","templated":true}]}}