{"id":9877,"date":"2022-06-27T15:22:20","date_gmt":"2022-06-27T18:22:20","guid":{"rendered":"https:\/\/jornalcorporativo.com.br\/?p=9877"},"modified":"2022-06-27T15:22:23","modified_gmt":"2022-06-27T18:22:23","slug":"escandalo-do-mec-ministra-envia-a-pgr-pedido-da-oposicao-para-que-bolsonaro-seja-investigado","status":"publish","type":"post","link":"https:\/\/jornalcorporativo.com.br\/en\/economia\/escandalo-do-mec-ministra-envia-a-pgr-pedido-da-oposicao-para-que-bolsonaro-seja-investigado\/","title":{"rendered":"Esc\u00e2ndalo do MEC: ministra envia \u00e0 PGR pedido da oposi\u00e7\u00e3o para que Bolsonaro seja investigado"},"content":{"rendered":"<p class=\"wp-block-paragraph\">A ministra C\u00e1rmen L\u00facia, do Supremo Tribunal Federal (STF), enviou nesta segunda-feira (27) para an\u00e1lise da Procuradoria Geral da Rep\u00fablica (PGR) um pedido apresentado pela oposi\u00e7\u00e3o para que o presidente Jair Bolsonaro seja investigado no caso conhecido como esc\u00e2ndalo do MEC.<\/p>\n\n\n\n<p class=\"wp-block-paragraph\">O pedido foi apresentado ao STF pelo deputado Reginaldo Lopes (PT-MG), e o envio \u00e0 PGR \u00e9 praxe nesse tipo de caso. Isso porque cabe ao Minist\u00e9rio P\u00fablico analisar se h\u00e1 ind\u00edcios para abrir uma investiga\u00e7\u00e3o.<\/p>\n\n\n\n<p class=\"wp-block-paragraph\">A Pol\u00edcia Federal apura a suspeita de que pastores teriam intermediado a libera\u00e7\u00e3o de recursos do Minist\u00e9rio da Educa\u00e7\u00e3o. No \u00faltimo dia 22, o ex-ministro Milton Ribeiro e os pastores denunciados foram presos. Um dia depois, eles foram soltos.<br>A a\u00e7\u00e3o de Reginaldo Lopes foi apresentada ap\u00f3s a opera\u00e7\u00e3o da PF. O parlamentar argumenta ser preciso apurar se houve envolvimento de Bolsonaro com as supostas irregularidades.<\/p>\n\n\n\n<p class=\"wp-block-paragraph\">Segundo intercepta\u00e7\u00e3o telef\u00f4nica feita pela Pol\u00edcia Federal, em 9 de junho, o ex-ministro da Educa\u00e7\u00e3o Milton Ribeiro disse a uma filha que Bolsonaro havia lhe relatado &#8220;pressentimento&#8221; de que ele, Ribeiro, poderia ser usado para atingir o presidente.<\/p>\n\n\n\n<p class=\"wp-block-paragraph\">Com base nessa e em outras grava\u00e7\u00f5es, o Minist\u00e9rio P\u00fablico pediu autoriza\u00e7\u00e3o da Justi\u00e7a para apurar se houve interfer\u00eancia de Bolsonaro nas investiga\u00e7\u00f5es sobre Milton Ribeiro. O caso foi enviado para an\u00e1lise do STF, e a relatora \u00e9 C\u00e1rmen L\u00facia.<\/p>\n\n\n\n<p class=\"wp-block-paragraph\">O advogado da fam\u00edlia Bolsonaro, Frederick Wassef, disse ter sido autorizado pelo presidente a dizer \u00e0 imprensa que ele &#8220;n\u00e3o interferiu na PF&#8221; e que n\u00e3o tem &#8220;nada a ver com essas grava\u00e7\u00f5es&#8221;.<\/p>\n\n\n\n<p class=\"wp-block-paragraph\">Pris\u00e3o de Milton Ribeiro<br>Milton Ribeiro e os pastores foram presos na a\u00e7\u00e3o da Pol\u00edcia Federal que investiga a suposto tr\u00e1fico de influ\u00eancia na libera\u00e7\u00e3o de recursos do Minist\u00e9rio da Educa\u00e7\u00e3o.<\/p>\n\n\n\n<p class=\"wp-block-paragraph\">Em mar\u00e7o deste ano, se tornou conhecida uma grava\u00e7\u00e3o na qual Ribeiro, ainda como ministro, disse que priorizava o repasse de dinheiro a munic\u00edpios indicados por pastores e que, ao fazer isso, atendia a um pedido do presidente Jair Bolsonaro.<\/p>\n\n\n\n<p class=\"wp-block-paragraph\">Depois, Milton Ribeiro negou. Afirmou que n\u00e3o priorizava munic\u00edpios indicados por pastores e que Bolsonaro n\u00e3o havia lhe pedido isso. O epis\u00f3dio levou \u00e0 demiss\u00e3o do ent\u00e3o ministro.<\/p>","protected":false},"excerpt":{"rendered":"<p>Envio \u00e0 PGR \u00e9 praxe nesse tipo de caso, uma vez que cabe ao MP analisar se h\u00e1 ind\u00edcios para abrir investiga\u00e7\u00e3o<\/p>","protected":false},"author":3,"featured_media":9878,"comment_status":"open","ping_status":"open","sticky":false,"template":"","format":"standard","meta":{"_crdt_document":"","footnotes":""},"categories":[4],"tags":[],"class_list":["post-9877","post","type-post","status-publish","format-standard","has-post-thumbnail","hentry","category-economia"],"brizy_media":[],"_links":{"self":[{"href":"https:\/\/jornalcorporativo.com.br\/en\/wp-json\/wp\/v2\/posts\/9877","targetHints":{"allow":["GET"]}}],"collection":[{"href":"https:\/\/jornalcorporativo.com.br\/en\/wp-json\/wp\/v2\/posts"}],"about":[{"href":"https:\/\/jornalcorporativo.com.br\/en\/wp-json\/wp\/v2\/types\/post"}],"author":[{"embeddable":true,"href":"https:\/\/jornalcorporativo.com.br\/en\/wp-json\/wp\/v2\/users\/3"}],"replies":[{"embeddable":true,"href":"https:\/\/jornalcorporativo.com.br\/en\/wp-json\/wp\/v2\/comments?post=9877"}],"version-history":[{"count":0,"href":"https:\/\/jornalcorporativo.com.br\/en\/wp-json\/wp\/v2\/posts\/9877\/revisions"}],"wp:featuredmedia":[{"embeddable":true,"href":"https:\/\/jornalcorporativo.com.br\/en\/wp-json\/wp\/v2\/media\/9878"}],"wp:attachment":[{"href":"https:\/\/jornalcorporativo.com.br\/en\/wp-json\/wp\/v2\/media?parent=9877"}],"wp:term":[{"taxonomy":"category","embeddable":true,"href":"https:\/\/jornalcorporativo.com.br\/en\/wp-json\/wp\/v2\/categories?post=9877"},{"taxonomy":"post_tag","embeddable":true,"href":"https:\/\/jornalcorporativo.com.br\/en\/wp-json\/wp\/v2\/tags?post=9877"}],"curies":[{"name":"wp","href":"https:\/\/api.w.org\/{rel}","templated":true}]}}