{"id":9996,"date":"2022-07-05T13:14:27","date_gmt":"2022-07-05T16:14:27","guid":{"rendered":"https:\/\/jornalcorporativo.com.br\/?p=9996"},"modified":"2022-07-05T13:14:31","modified_gmt":"2022-07-05T16:14:31","slug":"salario-medio-de-contratacao-com-carteira-assinada-cai-56-em-1-ano","status":"publish","type":"post","link":"https:\/\/jornalcorporativo.com.br\/en\/economia\/salario-medio-de-contratacao-com-carteira-assinada-cai-56-em-1-ano\/","title":{"rendered":"Sal\u00e1rio m\u00e9dio de contrata\u00e7\u00e3o com carteira assinada cai 5,6% em 1 ano"},"content":{"rendered":"<p class=\"wp-block-paragraph\">O sal\u00e1rio m\u00e9dio de contrata\u00e7\u00e3o no pa\u00eds em empregos com carteira assinada voltou a cair em maio e acumula uma queda de 5,6% em 1 ano, segundo dados do Caged (Cadastro Geral de Empregados e Desempregados), do Minist\u00e9rio do Trabalho e Previd\u00eancia.<\/p>\n\n\n\n<p class=\"wp-block-paragraph\">Em maio, o sal\u00e1rio m\u00e9dio real de admiss\u00e3o foi de R$ 1.898, contra um valor de R$ 1.916 em abril, e de R$ 2.010 em maio do ano passado, em valores corrigidos pela infla\u00e7\u00e3o medida pelo \u00cdndice Nacional de Pre\u00e7os ao Consumidor (INPC).<\/p>\n\n\n\n<p class=\"wp-block-paragraph\">Nos cinco primeiros meses de 2022, apenas em abril o sal\u00e1rio de admiss\u00e3o registrou aumento real. O valor m\u00e9dio de R$ 1.898 registrado em maio \u00e9 o mais baixo desde dezembro de 2021.<\/p>\n\n\n\n<p class=\"wp-block-paragraph\">De acordo com os dados do governo federal, foram criados 277 mil empregos com carteira assinada em maio no Brasil. No ano acumulado no ano, foram 1,05 milh\u00e3o de vagas formais a mais.<\/p>\n\n\n\n<p class=\"wp-block-paragraph\">Os n\u00fameros do Caged mostram, por\u00e9m, que os sal\u00e1rios m\u00e9dios iniciais continuam encolhendo. Em outras palavras, a recupera\u00e7\u00e3o do mercado de trabalho e a queda do desemprego ainda n\u00e3o refletem em uma melhora da renda \u2013 que segue sendo corro\u00edda pela infla\u00e7\u00e3o nas alturas e pelo elevado n\u00famero de brasileiros em busca de uma ocupa\u00e7\u00e3o.<br>&#8220;Essa queda no sal\u00e1rio de admiss\u00e3o j\u00e1 foi at\u00e9 pior. Mas isso n\u00e3o significa que o sal\u00e1rio daqui a pouco vai come\u00e7ar a apresentar ganho. Provavelmente, n\u00e3o vai. Quem est\u00e1 entrando no mercado de trabalho, est\u00e1 predominantemente aceitando um sal\u00e1rio menor do que se pagava 12 meses atr\u00e1s&#8221;, afirma Fabio Bentes, economista da Confedera\u00e7\u00e3o Nacional do Com\u00e9rcio de Bens, Servi\u00e7os e Turismo (CNC), destacando que o pa\u00eds ainda re\u00fane 10,6 milh\u00f5es de desempregados em busca de uma vaga no mercado de trabalho.<\/p>\n\n\n\n<p class=\"wp-block-paragraph\">Levantamento feito recentemente pela CNC mostrou que, entre as 140 profiss\u00f5es com maior volume de contrata\u00e7\u00f5es, em apenas 8 o sal\u00e1rio de admiss\u00e3o conseguiu bater a infla\u00e7\u00e3o no \u00faltimo ano.<br>Maiores e menores sal\u00e1rios iniciais<br>Entre os 21 principais grupamentos de atividades econ\u00f4micas, os menores sal\u00e1rios de contrata\u00e7\u00e3o em maio foram em vagas em servi\u00e7os dom\u00e9sticos, alojamento e alimenta\u00e7\u00e3o e no com\u00e9rcio. J\u00e1 as maiores remunera\u00e7\u00f5es iniciais foram pagas em ocupa\u00e7\u00f5es em atividades financeiras, no setor de eletricidade e g\u00e1s e em organismos internacionais.<\/p>\n\n\n\n<p class=\"wp-block-paragraph\">Os sal\u00e1rios iniciais tamb\u00e9m seguem menores que as remunera\u00e7\u00f5es m\u00e9dias dos profissionais que sa\u00edram das vagas. Em maio, o sal\u00e1rio m\u00e9dio real dos trabalhadores demitidos foi de R$ 1.957. Ou seja, 3,15% acima do sal\u00e1rio m\u00e9dio de contrata\u00e7\u00e3o (R$ 1.898).<\/p>","protected":false},"excerpt":{"rendered":"<p>Em maio, sal\u00e1rio m\u00e9dio real de admiss\u00e3o foi de R$ 1.898 \u2013 em maio do ano passado, foi de R$ 2.010<\/p>","protected":false},"author":3,"featured_media":9997,"comment_status":"open","ping_status":"open","sticky":false,"template":"","format":"standard","meta":{"_crdt_document":"","footnotes":""},"categories":[4],"tags":[],"class_list":["post-9996","post","type-post","status-publish","format-standard","has-post-thumbnail","hentry","category-economia"],"brizy_media":[],"_links":{"self":[{"href":"https:\/\/jornalcorporativo.com.br\/en\/wp-json\/wp\/v2\/posts\/9996","targetHints":{"allow":["GET"]}}],"collection":[{"href":"https:\/\/jornalcorporativo.com.br\/en\/wp-json\/wp\/v2\/posts"}],"about":[{"href":"https:\/\/jornalcorporativo.com.br\/en\/wp-json\/wp\/v2\/types\/post"}],"author":[{"embeddable":true,"href":"https:\/\/jornalcorporativo.com.br\/en\/wp-json\/wp\/v2\/users\/3"}],"replies":[{"embeddable":true,"href":"https:\/\/jornalcorporativo.com.br\/en\/wp-json\/wp\/v2\/comments?post=9996"}],"version-history":[{"count":0,"href":"https:\/\/jornalcorporativo.com.br\/en\/wp-json\/wp\/v2\/posts\/9996\/revisions"}],"wp:featuredmedia":[{"embeddable":true,"href":"https:\/\/jornalcorporativo.com.br\/en\/wp-json\/wp\/v2\/media\/9997"}],"wp:attachment":[{"href":"https:\/\/jornalcorporativo.com.br\/en\/wp-json\/wp\/v2\/media?parent=9996"}],"wp:term":[{"taxonomy":"category","embeddable":true,"href":"https:\/\/jornalcorporativo.com.br\/en\/wp-json\/wp\/v2\/categories?post=9996"},{"taxonomy":"post_tag","embeddable":true,"href":"https:\/\/jornalcorporativo.com.br\/en\/wp-json\/wp\/v2\/tags?post=9996"}],"curies":[{"name":"wp","href":"https:\/\/api.w.org\/{rel}","templated":true}]}}